{"id":48446,"date":"2026-02-12T15:00:10","date_gmt":"2026-02-12T14:00:10","guid":{"rendered":"https:\/\/vrensted-historier.dk\/?p=48446"},"modified":"2026-03-01T09:30:35","modified_gmt":"2026-03-01T08:30:35","slug":"folkene-paa-vrensted-faelled-en-vrensted-historie","status":"publish","type":"post","link":"https:\/\/vrensted-historier.dk\/?p=48446","title":{"rendered":"Folkene p\u00e5 Vrensted F\u00e6lled. &#8211; En Vrensted Historie"},"content":{"rendered":"<ol>\n<li>Vi skal nok helt tilbage til omkring 1870 og m\u00e5ske l\u00e6ngere, der fort\u00e6lles, at der dengang var 35 jordstykker p\u00e5 Vrensted F\u00e6lled, og de levede n\u00e6rmest for dem selv, de fik kommunehj\u00e6lp, men alt hvad de fik i penge, brugte de til br\u00e6ndevin, og kvindfolkene gik ud med Tiggerposen, og hvor de kom bad de om almisser, disse almisser bestod af gryn, br\u00f8d, \u00e6g og til h\u00f8jtiderne lidt sul, for\u00e5r og efter\u00e5r, eller rettere sagt, p\u00e5 den tid der skulle klippes F\u00e5r, havde de en ulds\u00e6k med, og de bad da om en bette lok tov (uld). N\u00e5r de kom ind ad d\u00f8ren l\u00f8d det ofte s\u00e5dan fra tiggerkvinderne:<\/li>\n<\/ol>\n<p>Disse mennesker levede mildt sagt, et meget uharmonisk liv, de drak, som f\u00f8r fortalt br\u00e6ndevin, b\u00e5de m\u00e6nd og kvinder, og om sommeren gik de n\u00f8gne fra hytte til hytte, &#8211; et gammel ord siger, &#8211; at g\u00e5 gennem Vrensted F\u00e6lled usk\u00e6ndt, var som at g\u00e5 gennem helvede ubr\u00e6ndt.<\/p>\n<p>Men i halvfemserne kom der en Pr\u00e6st til Vrensted ved navn Pommerencke, (antagelig galt stavet), det var en meget myndig herre, han talte h\u00e5rdt til dem, fik nogle af dem gift, fortrinsvis dem der havde b\u00f8rn sammen. &#8211; Dette er hvad jeg i min barndom har h\u00f8rt, men mest hvad min meddeler, den f\u00f8rn\u00e6vnte 76\u00e5rige skomager Niels Gade Vrensted har fortalt.<\/p>\n<p>&#8211; Jeg har som f\u00f8rn\u00e6vnt nogle \u00f8genavne som folkene p\u00e5 F\u00e6lleden havde, men da de jo h\u00f8rer med i billedet her, skal jeg gentage dem.<\/p>\n<p>Der var Peder Kv\u00e6lhals, Bas-Niels, R\u00e6w-Mette Marie, Glius S\u00f8ren, Baske Lise, Minister Klein, S\u00f8ren Amenhus, Mollerup Jens Christian, Vib Tammes, Isralitten, Ruv Jaan, Claus Anjohan, Rytter Trine, Niels Rom, Syl Peter, Bakker Johannes, Volle Runs.<\/p>\n<p>&nbsp;<\/p>\n<p><strong>\u00a0<\/strong><\/p>\n<p><strong>Ordet\u00a0f\u00e6lled\u00a0betegner oprindeligt et omr\u00e5de uden for en landsby, som beboerne ejer og benytter i\u00a0f\u00e6llesskab\u00a0\u2013 typisk til gr\u00e6sning af kv\u00e6g.\u00a0<\/strong><\/p>\n<p>Her er de vigtigste detaljer om ordets betydning og oprindelse:<\/p>\n<ul>\n<li><strong>Betydning:<\/strong>\u00a0Historisk set var det landsbyens f\u00e6lles gr\u00e6sgang.<\/li>\n<li><strong>Etymologi (oprindelse):<\/strong>\u00a0Ordet er sammensat af to dele:\n<ul>\n<li><strong>F\u00e6-:<\/strong>\u00a0Kommer af det gamle ord for kv\u00e6g (som i &#8220;f\u00e6&#8221; eller &#8220;f\u00e6drift&#8221;).<\/li>\n<li><strong>-led:<\/strong>\u00a0Er besl\u00e6gtet med det norr\u00f8ne ord\u00a0<em>l\u00e1\u00f0<\/em>, der betyder &#8220;land&#8221; eller &#8220;lod&#8221;.<\/li>\n<\/ul>\n<\/li>\n<li><strong>Relaterede ord:<\/strong>\u00a0Ordet er t\u00e6t forbundet med begreber som\u00a0<strong>f\u00e6llesskab<\/strong>\u00a0og\u00a0<strong>f\u00e6lle<\/strong>\u00a0(en ledsager eller partner).<\/li>\n<\/ul>\n<p>I dag overlever navnet prim\u00e6rt i vejnavne og stednavne, hvor det minder os om dengang, man delte jorden mellem sig i landsbyf\u00e6llesskabet.<\/p>\n<p>&nbsp;<\/p>\n<p>Historien er leveret af Hans Poulsen, Kaas<\/p>\n<p>&nbsp;<\/p>\n<p>&nbsp;<\/p>\n<p>&nbsp;<\/p>\n<p>&nbsp;<\/p>\n","protected":false},"excerpt":{"rendered":"<p>Vi skal nok helt tilbage til omkring 1870 og m\u00e5ske l\u00e6ngere, der fort\u00e6lles, at der dengang var 35 jordstykker p\u00e5 Vrensted F\u00e6lled, og de levede n\u00e6rmest for dem selv, de fik kommunehj\u00e6lp, men alt hvad de fik i penge, brugte de til br\u00e6ndevin, og kvindfolkene gik ud med Tiggerposen, og hvor de kom bad de &hellip; <a href=\"https:\/\/vrensted-historier.dk\/?p=48446\" class=\"more-link\">L\u00e6s videre<span class=\"screen-reader-text\"> &#8220;Folkene p\u00e5 Vrensted F\u00e6lled. &#8211; En Vrensted Historie&#8221;<\/span><\/a><\/p>\n","protected":false},"author":1,"featured_media":0,"comment_status":"closed","ping_status":"closed","sticky":false,"template":"","format":"standard","meta":{"footnotes":""},"categories":[66,6],"tags":[],"class_list":["post-48446","post","type-post","status-publish","format-standard","hentry","category-historier-fra-vendsyssel","category-vrensted-historier"],"_links":{"self":[{"href":"https:\/\/vrensted-historier.dk\/index.php?rest_route=\/wp\/v2\/posts\/48446","targetHints":{"allow":["GET"]}}],"collection":[{"href":"https:\/\/vrensted-historier.dk\/index.php?rest_route=\/wp\/v2\/posts"}],"about":[{"href":"https:\/\/vrensted-historier.dk\/index.php?rest_route=\/wp\/v2\/types\/post"}],"author":[{"embeddable":true,"href":"https:\/\/vrensted-historier.dk\/index.php?rest_route=\/wp\/v2\/users\/1"}],"replies":[{"embeddable":true,"href":"https:\/\/vrensted-historier.dk\/index.php?rest_route=%2Fwp%2Fv2%2Fcomments&post=48446"}],"version-history":[{"count":3,"href":"https:\/\/vrensted-historier.dk\/index.php?rest_route=\/wp\/v2\/posts\/48446\/revisions"}],"predecessor-version":[{"id":48480,"href":"https:\/\/vrensted-historier.dk\/index.php?rest_route=\/wp\/v2\/posts\/48446\/revisions\/48480"}],"wp:attachment":[{"href":"https:\/\/vrensted-historier.dk\/index.php?rest_route=%2Fwp%2Fv2%2Fmedia&parent=48446"}],"wp:term":[{"taxonomy":"category","embeddable":true,"href":"https:\/\/vrensted-historier.dk\/index.php?rest_route=%2Fwp%2Fv2%2Fcategories&post=48446"},{"taxonomy":"post_tag","embeddable":true,"href":"https:\/\/vrensted-historier.dk\/index.php?rest_route=%2Fwp%2Fv2%2Ftags&post=48446"}],"curies":[{"name":"wp","href":"https:\/\/api.w.org\/{rel}","templated":true}]}}