{"id":45519,"date":"2024-07-05T21:56:36","date_gmt":"2024-07-05T19:56:36","guid":{"rendered":"https:\/\/vrensted-historier.dk\/?p=45519"},"modified":"2024-07-05T22:10:26","modified_gmt":"2024-07-05T20:10:26","slug":"smaa-pift-af-fhv-gaardejer-povl-stevns-stenum","status":"publish","type":"post","link":"https:\/\/vrensted-historier.dk\/?p=45519","title":{"rendered":"Sm\u00e5 &#8220;pift&#8221; af fhv. g\u00e5rdejer Povl Stevns, Stenum"},"content":{"rendered":"<p><strong>den 90\u00e5rige fhv. g\u00e5rdejer Povl Stevns, tidligere Stenum er <\/strong>nu bosiddende i Serritslev.\u00a0 Povl som er en dygtig skribent, har gennem et langt liv skrevet meget og har nu udgivet mange artikler, forfattede sange, sm\u00e5 digte, satiriske skriv og egne historier fra sin barndom i Vrensted Pr\u00e6steg\u00e5rd til voksenlivet. Her et lille udpluk<\/p>\n<h2><strong>Dansk landbrug i en brydningstid.<\/strong><\/h2>\n<p><strong>\u00a0<\/strong><strong>Af Povl Stevns<\/strong><\/p>\n<p><img loading=\"lazy\" decoding=\"async\" class=\"alignnone size-full wp-image-45521\" src=\"https:\/\/vrensted-historier.dk\/wp-content\/uploads\/2024\/07\/Billede2-2.jpg\" alt=\"\" width=\"379\" height=\"511\" srcset=\"https:\/\/vrensted-historier.dk\/wp-content\/uploads\/2024\/07\/Billede2-2.jpg 379w, https:\/\/vrensted-historier.dk\/wp-content\/uploads\/2024\/07\/Billede2-2-223x300.jpg 223w\" sizes=\"auto, (max-width: 379px) 85vw, 379px\" \/><\/p>\n<p>&nbsp;<\/p>\n<p>&nbsp;<\/p>\n<p>&nbsp;<\/p>\n<p>&nbsp;<\/p>\n<p>I sidste halvdel af 1900tallet startede en strukturudvikling af dimensioner inden for dansk landbrug. I stort tal nedlagdes landbrugsbedrifter og jordtilliggenderne fra disse nedlagte brug blev sammenlagt med st\u00f8rre og mere tidssvarende bedrifter, da man derved kunne opn\u00e5 rationaliserings-gevinster i det daglige gennem neds\u00e6ttelse af arbejdsstyrken, bedre udnyttelse af maskinerne, bedre og billigere indk\u00f8b af foderstoffer, g\u00f8dning, spr\u00f8jtemidler m.m. gennem forskellige rabatordninger, der s\u00e5ledes is\u00e6r kom storproducenterne til gode. Endvidere stillede flere af vore andelsselskaber krav om en minimumsgr\u00e6nse ved leveringer samtidig med, at der opkr\u00e6vedes stop penge. Alt dette medf\u00f8rte, at mange mere eller mindre frivilligt s\u00e5 sig n\u00f8dsaget til &#8220;at springe p\u00e5 vognen&#8221; og andre gjorde det af ambiti\u00f8se \u00e5rsager og fortsatte inden for landbruget under de givne vilk\u00e5r. Atter andre valgte i stedet at &#8220;st\u00e5 af r\u00e6set&#8221; og fandt anden besk\u00e6ftigelse, gik p\u00e5 efterl\u00f8n eller pension.<\/p>\n<p>Ogs\u00e5 specialiseringen tog fart. Hvor der tidligere p\u00e5 g\u00e5rdene havde v\u00e6ret planteavl, kv\u00e6ghold, svinebes\u00e6tning og fjerkr\u00e6hold gik man nu i st\u00f8rre udstr\u00e6kning over til at hellige sig enten planteavl alene eller planteavl sammen med kv\u00e6ghold eller svinehold; sj\u00e6ldnere begge dele.<\/p>\n<p>For nogen blev disse \u00e5r en succes, for andre gik det ikke helt som forventet. S\u00e5dan er det jo her i tilv\u00e6relsen ogs\u00e5 i andre forhold. At det gik galt for flere, kan v\u00e6re mere eller mindre selvforskyldt. Nogle &#8220;kn\u00e6kkede halsen&#8221; p\u00e5 grund af det meget h\u00f8je renteniveau vi havde i en l\u00e6ngere periode, atter andre p\u00e5 grund af st\u00e6rkt stigende jordpriser for blot at n\u00e6vne et par eksempler. I det f\u00f8lgende har jeg medtaget et par digte fra denne periode. F\u00f8rst et digt om den ambiti\u00f8se &#8220;Mr. Pig&#8221;, og dern\u00e6st et andet om &#8220;gode r\u00e5d til en bedre fremtid&#8221; for den fortabte givet af en, der havde sit p\u00e5 det t\u00f8rre og derfor ikke selv havde behov at efterleve dem. Og endelig til slut et digt om bonden, &#8220;der bare lod st\u00e5 til&#8221;.<\/p>\n<p><strong><em>\u00a0<\/em><\/strong><\/p>\n<h2><strong><em>DER VAR S\u00c5 DEJLIGT UDE P\u00c5 LANDET<\/em><\/strong><\/h2>\n<p><strong>En griseavler Mr. Pig,<\/strong><\/p>\n<p><strong>forstandig, smart og meget kvik, <\/strong><\/p>\n<p><strong>forelsked&#8217; sig i skrig og skr\u00e5l<\/strong><\/p>\n<p><strong>og satte sig det h\u00f8je m\u00e5l<\/strong><\/p>\n<p><strong>at skabe den perfekte gris<\/strong><\/p>\n<p><strong>og fede svin i tusindvis.<\/strong><\/p>\n<p><strong>\u00a0<\/strong><\/p>\n<p><strong>Han byggede et hus s\u00e5 stort,<\/strong><\/p>\n<p><strong>for ham det var den rene sport, <\/strong><\/p>\n<p><strong>thi der var masser af visioner<\/strong><\/p>\n<p><strong>og banken kom med millioner.<\/strong><\/p>\n<p><strong>\u00a0<\/strong><\/p>\n<p><strong>Der var budgetter, men I ved, <\/strong><\/p>\n<p><strong>man misteltenen ta&#8217;r i ed<\/strong><\/p>\n<p><strong>hvis man sig skal gardere. <\/strong><\/p>\n<p><strong>Det glemte han &#8211; med mere.<\/strong><\/p>\n<p><strong>\u00a0<\/strong><\/p>\n<p><strong>I starten gik det dog s\u00e5 godt,<\/strong><\/p>\n<p><strong>for pris og sundhed var s\u00e5 flot, <\/strong><\/p>\n<p><strong>men snart sig lykken vendte, <\/strong><\/p>\n<p><strong>dermed succesen endte, <\/strong><\/p>\n<p><strong>for prisen faldt, baciller kom,<\/strong><\/p>\n<p><strong>og snart stod hele stalden tom,<\/strong><\/p>\n<p><strong>en frygtelig aff\u00e6re,<\/strong><\/p>\n<p><strong>slet ikke til at b\u00e6re.<\/strong><\/p>\n<p><strong>\u00a0<\/strong><strong>\u00a0<\/strong><\/p>\n<p><strong>S\u00e5 kom hans pengeinstitut<\/strong><\/p>\n<p><strong>og sagde, at nu var festen slut:<\/strong><\/p>\n<p><strong>&#8220;Vi kan ej kassen l\u00e6nse,<\/strong><\/p>\n<p><strong>der v\u00e6re m\u00e5 en gr\u00e6nse,<\/strong><\/p>\n<p><strong>tilbage du din frihed f\u00e5r,<\/strong><\/p>\n<p><strong>men banken overtager din g\u00e5rd&#8221;.<\/strong><\/p>\n<p><strong>\u00a0<\/strong><\/p>\n<p><strong>Da gik hr. Pigless stille rundt,<\/strong><\/p>\n<p><strong>for slige h\u00e6ndelser g\u00f8r ondt.<\/strong><\/p>\n<p><strong>Der r\u00f8g de hjemlige bastioner,<\/strong><\/p>\n<p><strong>hans hus, hans hjem og hans visioner.<\/strong><\/p>\n<p><strong>\u00a0<\/strong><\/p>\n<p><strong>Hvad var det dog, der fik ham til<\/strong><\/p>\n<p><strong>at s\u00e6tte hus og hjem p\u00e5 spil,<\/strong><\/p>\n<p><strong>var det mon grissem\u00e6nd og -koner, <\/strong><\/p>\n<p><strong>hans h\u00f8je m\u00e5l, hans ambitioner?<\/strong><\/p>\n<p><strong>\u00a0<\/strong><\/p>\n<p><strong>En dr\u00f8m var slut for Mr. Pig, <\/strong><\/p>\n<p><strong>der nu den kolde skulder fik. <\/strong><\/p>\n<p><strong>At blive stor, han \u00f8nsked, men<\/strong><\/p>\n<p><strong>i glemsel hviler nu hans ben.<\/strong><\/p>\n<p><strong>Han glemte, det vi andre ved, &#8211;<\/strong><\/p>\n<p><strong>at ta&#8217; sin mistelten i ed.<\/strong><\/p>\n<p>&nbsp;<\/p>\n<p><strong>Okt. 1992. Povl Stevns.<\/strong><\/p>\n<p>&nbsp;<\/p>\n<h2><strong><em>Jen &#8211; to-tre og s\u00e5 p\u00e5 \u0301n igen.<\/em><\/strong><\/h2>\n<p><strong>Mel.: Hen til kommoden og tilbavs igen.<\/strong><\/p>\n<p>&nbsp;<\/p>\n<p>K\u00e6re gode borger<\/p>\n<p>glem du dine sorger,<\/p>\n<p>h\u00e6v dig over dagligdagens trummerum,<\/p>\n<p>for nu skal du h\u00f8re,<\/p>\n<p>hvad du blot kan g\u00f8re<\/p>\n<p>for at skabe dig en helt gevaldig sum:<\/p>\n<p>&#8220;K\u00f8b et par kalkuner,<\/p>\n<p>straks jeg ved, det luner,<\/p>\n<p>de bli&#8217;r nemlig store p\u00e5 en enkelt dag;<\/p>\n<p>mad p\u00e5 bordet kommer,<\/p>\n<p>guld i dine lommer,<\/p>\n<p>ja, det er s\u00e5 givet alle tiders sag&#8221;.<\/p>\n<p>Jen-to-tre og s\u00e5 p\u00e5&#8217;n igen,<\/p>\n<p>l\u00e6kkert magert k\u00f8d til folkets ganer,<\/p>\n<p>vinger og bryster og alt det der<\/p>\n<p>og store inderl\u00e5r af h\u00f8ns og haner.<\/p>\n<p>&nbsp;<\/p>\n<p>&nbsp;<\/p>\n<p>&#8220;Byg blot et par huse<\/p>\n<p>og lad vinden suse,<\/p>\n<p>for kalkuner vokser af det bare luft<\/p>\n<p>det vil du erfare,<\/p>\n<p>og det kan du klare<\/p>\n<p>bare med en lille smule sund fornuft.<\/p>\n<p>Du skal intet g\u00f8re,<\/p>\n<p>af sig selv det k\u00f8re;<\/p>\n<p>arbejdskraft beh\u00f8ver du ej t\u00e6nke p\u00e5.<\/p>\n<p>Det for dig vil lykkes,<\/p>\n<p>og jeg ved, du tykkes;<\/p>\n<p>den slags ting, det kan fornuften da forst\u00e5&#8221;.<\/p>\n<p>Jen-to-tre og s\u00e5 p\u00e5&#8217;n igen<\/p>\n<p>to kalkuner mere straks du k\u00f8ber.<\/p>\n<p>huse og frisk luft og meget mer,<\/p>\n<p>og snart du dig i lykkens k\u00e5be sv\u00f8ber.<\/p>\n<p>&#8220;Derfor k\u00e6re borger<\/p>\n<p>glem du dine sorger<\/p>\n<p>fremtiden sig tegner b\u00e5de lys og sk\u00f8n,<\/p>\n<p>intet mer dig truer<\/p>\n<p>og jeg ved, du huer<\/p>\n<p>at f\u00e5 nogle tusinde lagt p\u00e5 i l\u00f8n.<\/p>\n<p>Gi&#8217; den hele armen<\/p>\n<p>og kom ind i varmen,<\/p>\n<p>der hvor penge er et sekund\u00e6rt problem,<\/p>\n<p>det for dig vil lykkes,<\/p>\n<p>og jeg ved, du tykkes<\/p>\n<p>om at kunne sidde p\u00e5 den gr\u00f8nne gren.<\/p>\n<p>Jen &#8211; to-tre og s\u00e5 p\u00e5&#8217;n igen<\/p>\n<p>se nu at f\u00e5 startet med det samme,<\/p>\n<p>lykken den vinker til dig her og nu<\/p>\n<p>og nydes f\u00f8r fiduserne bli&#8217;r klamme&#8221;.<\/p>\n<p>&nbsp;<\/p>\n<ol start=\"16\">\n<li>februar 1994.<\/li>\n<\/ol>\n<p>Povl Stevns.<\/p>\n<p>&nbsp;<\/p>\n<h2><strong><em>Tilbagetr\u00e6kning.<\/em><\/strong><\/h2>\n<p>Af Povl Stevns<\/p>\n<p>&nbsp;<\/p>\n<p>Det at st\u00e5 foran en fyring eller en frivillig afgang fra arbejdsmarkedet eller\/og en eller flere tillidsposter kr\u00e6ver en omstilling, ikke alene til en lavere indkomst, men ogs\u00e5 til en anden livsform med mere fritid, der skal udfyldes. Hvordan udnyttes denne \u00f8gede fritid bedst muligt? Ja, det er det gennemg\u00e5ende sp\u00f8rgsm\u00e5l for rigtig mange. Det lyder i de fleste tilf\u00e6lde som om, den skal bruges p\u00e5 b\u00f8rneb\u00f8rn og rejser, men er det tilstr\u00e6kkeligt? Der er jo mange dage \u00e5ret rundt, der skal udfyldes. Nogle klarer omstillingen med bravour, andre har sv\u00e6rere ved det.<\/p>\n<p>For at illustrere dette f\u00f8lger f\u00f8rst et eksempel p\u00e5, hvilke tanker en kommende pensionist kan have gjort sig inden tilbagetr\u00e6kningen. Dern\u00e6st ser vi et eksempel p\u00e5, hvorledes en tilbagetr\u00e6kning kan ende som en fiasko.<\/p>\n<p>&nbsp;<\/p>\n<p><strong><em>\u00a0<\/em><\/strong><\/p>\n<p><strong><em>\u00a0<\/em><\/strong><\/p>\n<h2><strong><em>\u00a0<\/em><\/strong><strong><em>Hvad med kulturen?<\/em><\/strong><\/h2>\n<p>Mel.: Anders var i Anna k\u00e6r<\/p>\n<p>Liet er en gave sk\u00f8n. Det m\u00e5 du t\u00e6nke p\u00e5,<\/p>\n<p>derfor er der mange tig, du gerne m\u00e5 forst\u00e5,<\/p>\n<p>v\u00e6lge dig en livsform, hvor du finder dig tilpas,<\/p>\n<p>hvor der ogs\u00e5 til kulturen levnes noget plads.<\/p>\n<p>Hula, hula hej, det er godt for dig.<\/p>\n<p>Hulahej og tralalej, ja, det er godt for dig!<\/p>\n<p>&nbsp;<\/p>\n<p>Mon du bare trisser rundt og fodrer dine svin,<\/p>\n<p>spiser lidt og sover lidt og ta&#8217;r din medicin,<\/p>\n<p>ta&#8217;r p\u00e5 indk\u00f8bstur til Stork\u00f8b, n\u00e5r du mangler br\u00f8d,<\/p>\n<p>kikker lidt p\u00e5 sk\u00e6rmen p\u00e5 en hummer, der er d\u00f8d?<\/p>\n<p>Hula, hulahej, er det nok? Ak nej!<\/p>\n<p>Hulahej og tralalej, mon det er nok for dig?<\/p>\n<p>&nbsp;<\/p>\n<p>Mon du ikke ser p\u00e5 andet end \u00f8konomi,<\/p>\n<p>p\u00e5 hvad fl\u00e6sket koster og hvad svinene ka&#8217; gi&#8217;.<\/p>\n<p>p\u00e5 hvor meget foder alle grisene skal ha&#8217;,<\/p>\n<p>og p\u00e5 hvilke afgr\u00f8der, det helst skal komme fra?<\/p>\n<p>Hula, hulahej, er det nok? Ak nej!<\/p>\n<p>Hulahej og tralalej, mon det er nok for dig?<\/p>\n<p>&nbsp;<\/p>\n<p>T\u00e6nker du mon bare p\u00e5, hvor stort et brug, du f\u00e5r,<\/p>\n<p>t\u00e6nker p\u00e5, hvor mange svin, du kan ha p\u00e5 din g\u00e5rd,<\/p>\n<p>t\u00e6nker p\u00e5, hvor mange liter gylle, du skal ha<\/p>\n<p>og hvordan du nu f\u00e5r m\u00f8jet til at l\u00f8be fra?<\/p>\n<p>Hula, hulahej, er det nok? Ak nej!<\/p>\n<p>Hulahej og tralalej, mon det er nok for dig?<\/p>\n<p>&nbsp;<\/p>\n<p>Mon dog ikke her p\u00e5 jorden findes andre ting,<\/p>\n<p>der kan fylde tankerne og s\u00e6tte dem i sving,<\/p>\n<p>noget uden svin og gylle, noget du kan li&#8217;,<\/p>\n<p>noget ganske andet end blot fagidioti?<\/p>\n<p>Hula, hula hej, noget nyt p\u00e5 vej?<\/p>\n<p>Hulahej og tralalej, som kan forn\u00f8je dig?\u00a0 \u00a0\u00a0\u00a0\u00a0\u00a0\u00a0\u00a0\u00a0\u00a0\u00a0\u00a0\u00a0\u00a0\u00a0\u00a0\u00a0\u00a0\u00a0\u00a0\u00a0\u00a0\u00a0\u00a0\u00a0\u00a0\u00a0\u00a0\u00a0\u00a0\u00a0 \u00a0\u00a0\u00a0\u00a0\u00a0\u00a0\u00a0\u00a0\u00a0\u00a0\u00a0\u00a0\u00a0\u00a0\u00a0\u00a0\u00a0\u00a0\u00a0\u00a0\u00a0\u00a0\u00a0\u00a0\u00a0\u00a0\u00a0\u00a0\u00a0\u00a0\u00a0\u00a0\u00a0\u00a0\u00a0\u00a0\u00a0\u00a0\u00a0\u00a0\u00a0\u00a0 \u00a0\u00a0\u00a0\u00a0\u00a0\u00a0\u00a0\u00a0\u00a0\u00a0\u00a0\u00a0\u00a0\u00a0\u00a0\u00a0\u00a0\u00a0\u00a0\u00a0\u00a0\u00a0\u00a0\u00a0\u00a0Povl Stevns. (26.01.1992).<\/p>\n<h1><strong><em>Nekrologen.<\/em><\/strong><\/h1>\n<p>&nbsp;<\/p>\n<p>Jeg kendte en mand, der var dygtig som f\u00e5,<\/p>\n<p>han havde et landbrug og drev det som s\u00e5,<\/p>\n<p>var formand for dit og var formand for dat<\/p>\n<p>en dygtig forhandler ved dag som ved nat.<\/p>\n<p>&nbsp;<\/p>\n<p>Da han blev halvfjerds, m\u00e5tte han holde op,<\/p>\n<p>for med tillidsposterne blev der sagt stop,<\/p>\n<p>s\u00e5 ville han l\u00e6se om Odin og Thor<\/p>\n<p>og Balder og Loke, om himmel og jord.<\/p>\n<p>&nbsp;<\/p>\n<p>Det gik ej som s\u00e5, han kom ikke i gang,<\/p>\n<p>for hans &#8220;l\u00e6sepause&#8221; var blevet for lang,<\/p>\n<p>blot, hvad der kom, og blev husstandsomdelt,<\/p>\n<p>blev grundigt studeret og efterset.<\/p>\n<p>&nbsp;<\/p>\n<p>S\u00e5 propriet\u00e6ren, der drev det s\u00e5 vidt,<\/p>\n<p>For ham det endte i grunden s\u00e5 skidt.<\/p>\n<p>F\u00f8r drev han landbrug p\u00e5 mesterlig vis,<\/p>\n<p>var dygtig politiker, men nu det si&#8217;s:<\/p>\n<p>&nbsp;<\/p>\n<p>Han droppet har b\u00e5de dette og hint,<\/p>\n<p>er blevet alene og noget forpint.<\/p>\n<p>Han lever dog stadig, men bare delvis,<\/p>\n<p>hans eneste l\u00e6sning er ugens avis.<\/p>\n<p>&nbsp;<\/p>\n<p>Povl Stevns. (6.10. 1993).<\/p>\n<p><strong><em>\u00a0<\/em><\/strong><\/p>\n<p><strong><em>\u00a0<\/em><\/strong><\/p>\n<h1><strong><em>N\u00e5 \u0301et om pr\u00e6ster.<\/em><\/strong><\/h1>\n<p>I svunden tid ej fandtes<\/p>\n<p>kvindelige pr\u00e6ster;<\/p>\n<p>nu er det gerne dem, man ser,<\/p>\n<p>n\u00e5r man en kirke g\u00e6ster.<\/p>\n<p>S\u00e5 er det just i vort provsti,<\/p>\n<p>hvor ud af tolv, der findes ni,<\/p>\n<p>s\u00e5 her de dominerer<\/p>\n<p>og bli&#8217;r nok stadig flere.<\/p>\n<p>&nbsp;<\/p>\n<p>I &#8220;gamle dage&#8221; pr\u00e6sten var<\/p>\n<p>jo hele sognets l\u00e6rde,<\/p>\n<p>hos hvem man gerne bad om svar,<\/p>\n<p>n\u00e5r noget var p\u00e5 f\u00e6rde,<\/p>\n<p>som br\u00e6ndte p\u00e5 og var gedulgt<\/p>\n<p>og gerne skulle holdes skjult<\/p>\n<p>af helt private grunde.<\/p>\n<p>Man vidste, pr\u00e6sten kunne.<\/p>\n<p>&nbsp;<\/p>\n<p>Man kaldte pr\u00e6sten for &#8220;Vor f\u00e5 \u0301er&#8221;<\/p>\n<p>i sognene p\u00e5 landet.<\/p>\n<p>den titel nu ej l\u00e6nger&#8217; g\u00e5r,<\/p>\n<p>hvor k\u00f8nnet nu er blandet.<\/p>\n<p>M\u00e5ske man her om f\u00f8je \u00e5r<\/p>\n<p>en anden titel til dem f\u00e5r,<\/p>\n<p>og den sandsynlighed er stor,<\/p>\n<p>at pr\u00e6stens &#8220;titel&#8221; bli&#8217;r &#8220;Vor Mo&#8217;er&#8221;.<\/p>\n<p>&nbsp;<\/p>\n<p>Maj 2012.<\/p>\n<p>Povl Stevns.<\/p>\n<p>&nbsp;<\/p>\n<p>&nbsp;<\/p>\n<p>Udviklingen hen imod kvindelige pr\u00e6ster, tog sin begyndelse, da biskop Hans \u00d8lgaard den 28.04.48 ordinerede de tre f\u00f8rste af slagsen i Sant Knuds Kirke i Odense.<\/p>\n<p>P\u00e5 det seneste er denne udvikling forl\u00f8bet med stormskridt, s\u00e5ledes at der er i dag er stor risiko for, at man om f\u00e5 \u00e5r vil betragte pr\u00e6stegerningen som et udpr\u00e6get kvindejob (vi kender det f.eks. fra sygeplejerskernes verden, hvor en sygeplejerske er en kvinde &#8211; eller en mandlig sygeplejerske).<\/p>\n<p>Med den udvikling, vi er inde i p.t., er min formodning den:<\/p>\n<ol>\n<li>At f\u00e6rre og f\u00e6rre m\u00e6nd vil s\u00f8ge det teologiske studie.<\/li>\n<li>At en pr\u00e6st er en kvinde, medmindre pr\u00e6sten omtales som en mandlig pr\u00e6st.<\/li>\n<li>At en bev\u00e6gelse i den feminine retning let vil komme til at pr\u00e6ge kirkens m\u00e5de at fungere p\u00e5 i en retning, som meget let kan komme til at virke afskr\u00e6kkende p\u00e5 m\u00e6nd og bevirke, at afst\u00e5r fra at deltage i de kirkelige handlinger og det kirkelige arbejde som s\u00e5dant.<\/li>\n<\/ol>\n<p>&nbsp;<\/p>\n<p>Hvorledes der kan &#8220;gribes ind&#8221; overfor udviklingen og om en indgriben er \u00f8nskelig, er det sv\u00e6rt at tage stilling til, men man skal allerede p\u00e5 nuv\u00e6rende tidspunkt g\u00f8re sig klart, i hvilken retning udviklingen g\u00e5r med stormskridt og om denne udvikling er \u00f8nskelig for menighederne og for det kirkelige arbejde i den danske folkekirke i det hele taget.<\/p>\n<p>Povl Stevns. Maj 2012.<\/p>\n<p>&nbsp;<\/p>\n<h1><strong>Fandens f\u00f8dselsdag,\u00a0 11. <\/strong><strong>juni 2012.<\/strong><\/h1>\n<p>&nbsp;<\/p>\n<p>Den 11. juni 2012 blev s\u00e5dan en m\u00e6rkelig dag. Ved morgenbordet talte vi om, at det var &#8220;Fandens F\u00f8dselsdag&#8221;, men at det ikke l\u00e6ngere var et problem for os, da vi ikke l\u00e6ngere havde afdrag og renter, det forfaldt til betaling. Alligevel blev 11. juni p\u00e5 sin egen m\u00e5de til &#8220;Fandens F\u00f8dselsdag&#8221;: Klokken 08.50 ringede en dame fra Pengeinstitutanken\u00e6vnet for at fort\u00e6lle, at vores klagesag levede endnu og ville forts\u00e6tte hermed, indtil der var faldet dom i den sag, der var anlagt som gruppes\u00f8gsm\u00e5l af Garantiblokken i forbindelse med lukningen af den tidligere L\u00f8kken Sparekasse. Endvidere gjorde hun opm\u00e6rksom p\u00e5, at vores sag, som det s\u00e5 ud i dag, ville blive betragtet som &#8220;opsigelses\u1e63ag&#8221; og underkendt, som de \u00f8vrige opsigelsessager var blevet. Nu m\u00e5tte man vente p\u00e5 udfaldet af retssagen og se, om den kunne f\u00f8re til en anderledes afg\u00f8relse. En afg\u00f8relse i den anlagte retssag havde lange udsigter, f\u00f8jede hun til. Jeg bekr\u00e6ftede, at vi ikke havde tilmeldt os gruppes\u00f8gsm\u00e5let, da vi fandt det sikrere hos anken\u00e6vnet. (Man kan ikke v\u00e6re med begge steder).<\/p>\n<p>Den 11. juni 2012 var ogs\u00e5 dagen, hvor 8 biskopper senere p\u00e5 dagen til kirkeministeren afleverede et vielsesritual til brug ved kirkelige vielser af homoseksuelle og lesbiske. Et vielsesritual, der skal v\u00e6re g\u00e6ldende fra den 15. juni 2012. Disse bisper havde t\u00e6nkt kreativt og manipuleret s\u00e5 meget med skriftens ord, at de var blevet i stand til at udarbejde et s\u00e5dant ritual, der kunne tilfredsstille kirkeministeren og et flertal af folketingets medlemmer (hvad kommer det egentlig dem ved?). I en kommentar til TV-avisen sagde en pr\u00e6st om dette &#8220;mesterv\u00e6rk&#8221; bl.a., at de homoseksuelle og lesbiske vel ogs\u00e5 var lige s\u00e5 gode som alle andre. Hertil er kun at sige, at det er der vel heller ikke nogen, der har sat sp\u00f8rgsm\u00e5lstegn ved. Sagen er blot den enkle, at det ikke vedkommer sagen, om de er gode eller ikke, men om et s\u00e5kaldt &#8220;\u00e6gteskab&#8221; mellem dem har hjemmel i den kristne tro. Det er underligt at se, hvordan man gang p\u00e5 gang \u00e6ndrer p\u00e5 den kristne tros grundlag for at f\u00e5 det til at passe efter kirkens og befolkningens forgodtbefindende med det til f\u00f8lge, at kristentroen udvandes og det hele efterh\u00e5nden bliver ligegyldigt. \u00d8nsker man vitterlig en ligegyldig kirke, hvor troens ord tilpasses det bekvemmeste og kirkens pr\u00e6ster blot skal optr\u00e6de som ceremonimestre?<\/p>\n<p>Og som den 3. ting, der &#8220;falder p\u00e5 plads&#8221; den 11. juni 2012, skal n\u00e6vnes folketingets vedtagelse af loven om 10 m dyrkningsfrie br\u00e6mmer langs alle vandl\u00f8b. Hvem skal s\u00e5 betale? For der skal vel ydes en kl\u00e6kkelig erstatning til b\u00f8nderne? Sidst man udlagde br\u00e6mmer blev grundloven tilsidesat, da dette \u00e5benbart var den letteste m\u00e5de for folketinget at ordne sagen p\u00e5. Vil man ogs\u00e5 denne gang se bort fra begrebet &#8220;privat ejendomsret&#8221;? Det m\u00e5 desv\u00e6rre frygtes.<\/p>\n<p>Det er besk\u00e6mmende at se, hvorledes s\u00e5 grundl\u00e6ggende v\u00e6rdier som foran n\u00e6vnt tr\u00e6des under fode af bekvemmelighedshensyn:<\/p>\n<p>Se, hvorledes det accepteres, at pengeinstitutterne tilsides\u00e6tter lovligt og bindende indg\u00e5ede aftaler.<\/p>\n<p>Se hvorledes, bisperne og det danske folketing fifler med skriftens ord. vild<\/p>\n<p>Og ser, hvorledes det lykkes landets regering at tilsides\u00e6tte grundloven, n\u00e5r det passer ind i dens kram.<\/p>\n<h2><strong>Ja, det blev alligevel til en &#8220;Fandens F\u00f8dselsdag&#8221;.<\/strong><\/h2>\n<p>En sommerdag,<\/p>\n<p>en morgenstund<\/p>\n<p>en &#8220;f\u00f8dselsdag&#8221;, ak, ja!<\/p>\n<p>Man burde starte dagen<\/p>\n<p>med et rungende hurra.<\/p>\n<p>&nbsp;<\/p>\n<p>Det skete ej, alt det til trods,<\/p>\n<p>en &#8220;sky&#8221; sig viste brat<\/p>\n<p>og fejed optimismen bort<\/p>\n<p>ved at fort\u00e6lle at:<\/p>\n<p>&nbsp;<\/p>\n<p>Vor klagesag har trange k\u00e5r,<\/p>\n<p>og svaret, det vil bringe,<\/p>\n<p>n\u00e5r det os langt om l\u00e6nge<\/p>\n<p>n\u00e5r sandsynligvis bli&#8217;r ringe.<\/p>\n<p>&nbsp;<\/p>\n<p>Ak, siden fulgte sky ved sky,<\/p>\n<p>til dagen den var omme<\/p>\n<p>og med sig f\u00f8rte, at vi kunne<\/p>\n<p>m\u00e6rke tvivlen komme:<\/p>\n<p>&nbsp;<\/p>\n<p>Om intet mer trov\u00e6rdigt er,<\/p>\n<p>om intet mere g\u00e6lder,<\/p>\n<p>om hvad vi forhen tro&#8217;de p\u00e5,<\/p>\n<p>nu ikke mere t\u00e6ller.<\/p>\n<p>&nbsp;<\/p>\n<p>Povl Stevns<\/p>\n<h2><strong>En l\u00f8ftet pegefinger<\/strong><strong>.<\/strong><\/h2>\n<p>\u00c5ret 2020 har udviklet sig til at v\u00e6re et rigtigt Corona \u00e5r, med en masse kedelige konsekvenser til f\u00f8lge. I h\u00e5b om at f\u00e5 os til at st\u00e5 sammen om at bek\u00e6mpe virkningerne af denne pandemi og komme billigst muligt gennem\u00a0den, er vi dagligt blevet tudet \u00f8rene fulde af formaninger og restriktioner.\u00a0 Midt i alt dette og her p\u00e5 den m\u00f8rkeste tid af \u00e5ret m\u00e5 vi dog ikke glemme at holde modet oppe.\u00a0 Der er da lys at se forude.<\/p>\n<p>Vi m\u00e5 heller ikke glemme, at der s\u00e5 sandelig ogs\u00e5 er andre v\u00e6sentlige ting, det er vigtigt at tage vare p\u00e5 \u2013 ikke mindst nu, hvor julen st\u00e5r for d\u00f8ren. Hvad med nisserne? Har du t\u00e6nkt p\u00e5 dem? Ja, hvad er det dog for noget? M\u00e5ske det ogs\u00e5 her ville v\u00e6re fornuftigt med lidt<\/p>\n<p>&nbsp;<\/p>\n<p>&nbsp;<\/p>\n<h1><strong>Rettidig omhu.<\/strong><\/h1>\n<p>&nbsp;<\/p>\n<p>Store m\u00e6nd og store koner,<\/p>\n<p>ungersvende og matroner,<\/p>\n<p>alle g\u00e5r de rundt og tror,<\/p>\n<p>at de ved, hvor Nissen bor.<\/p>\n<p>&nbsp;<\/p>\n<p>Det var ogs\u00e5 v\u00e6ldig rart,<\/p>\n<p>hvis det var s\u00e5 soleklart,<\/p>\n<p>men der er det jo slet ikke<\/p>\n<p>og det ved de s\u00e6rligt kvikke.<\/p>\n<p>&nbsp;<\/p>\n<p>Nisser kommer frem til jul,<\/p>\n<p>ellers lever de i skjul;<\/p>\n<p>overalt de kan forsvinde,<\/p>\n<p>b\u00e5de udenfor og inde,<\/p>\n<p>&nbsp;<\/p>\n<p>Og i deres gemmer sm\u00e5<\/p>\n<p>kan de alting hitte p\u00e5:<\/p>\n<p>drive g\u00e6k med \u00e8n og hver,<\/p>\n<p>lave rod og stort besv\u00e6r,<\/p>\n<p>&nbsp;<\/p>\n<p>Stille uret lidt tilbage,<\/p>\n<p>drille mor, n\u00e5r hun skal bage<\/p>\n<p>og hvis de er rigtig slemme,<\/p>\n<p>kan de leget\u00f8jet gemme.<\/p>\n<p>&nbsp;<\/p>\n<p>Rare kan de ogs\u00e5 v\u00e6re<\/p>\n<p>og de s\u00f8de b\u00f8rn for\u00e6re<\/p>\n<p>fine gaver, n\u00e5r til jul,<\/p>\n<p>de forlader deres skjul.<\/p>\n<p>&nbsp;<\/p>\n<p>Derfor v\u00e6r mod Nissen s\u00f8d,<\/p>\n<p>giv til jul ham risengr\u00f8d;<\/p>\n<p>det vil sikkert ham behage<\/p>\n<p>og han vil dig n\u00e6ppe plage.<\/p>\n<p>&nbsp;<\/p>\n<p>December 2020.\u00a0\u00a0\u00a0\u00a0 Povl Stevns.<\/p>\n<p>&nbsp;<\/p>\n","protected":false},"excerpt":{"rendered":"<p>den 90\u00e5rige fhv. g\u00e5rdejer Povl Stevns, tidligere Stenum er nu bosiddende i Serritslev.\u00a0 Povl som er en dygtig skribent, har gennem et langt liv skrevet meget og har nu udgivet mange artikler, forfattede sange, sm\u00e5 digte, satiriske skriv og egne historier fra sin barndom i Vrensted Pr\u00e6steg\u00e5rd til voksenlivet. Her et lille udpluk Dansk landbrug &hellip; <a href=\"https:\/\/vrensted-historier.dk\/?p=45519\" class=\"more-link\">L\u00e6s videre<span class=\"screen-reader-text\"> &#8220;Sm\u00e5 &#8220;pift&#8221; af fhv. g\u00e5rdejer Povl Stevns, Stenum&#8221;<\/span><\/a><\/p>\n","protected":false},"author":1,"featured_media":0,"comment_status":"closed","ping_status":"closed","sticky":false,"template":"","format":"standard","meta":{"footnotes":""},"categories":[55],"tags":[],"class_list":["post-45519","post","type-post","status-publish","format-standard","hentry","category-vrensted-historier-dk"],"_links":{"self":[{"href":"https:\/\/vrensted-historier.dk\/index.php?rest_route=\/wp\/v2\/posts\/45519","targetHints":{"allow":["GET"]}}],"collection":[{"href":"https:\/\/vrensted-historier.dk\/index.php?rest_route=\/wp\/v2\/posts"}],"about":[{"href":"https:\/\/vrensted-historier.dk\/index.php?rest_route=\/wp\/v2\/types\/post"}],"author":[{"embeddable":true,"href":"https:\/\/vrensted-historier.dk\/index.php?rest_route=\/wp\/v2\/users\/1"}],"replies":[{"embeddable":true,"href":"https:\/\/vrensted-historier.dk\/index.php?rest_route=%2Fwp%2Fv2%2Fcomments&post=45519"}],"version-history":[{"count":4,"href":"https:\/\/vrensted-historier.dk\/index.php?rest_route=\/wp\/v2\/posts\/45519\/revisions"}],"predecessor-version":[{"id":45526,"href":"https:\/\/vrensted-historier.dk\/index.php?rest_route=\/wp\/v2\/posts\/45519\/revisions\/45526"}],"wp:attachment":[{"href":"https:\/\/vrensted-historier.dk\/index.php?rest_route=%2Fwp%2Fv2%2Fmedia&parent=45519"}],"wp:term":[{"taxonomy":"category","embeddable":true,"href":"https:\/\/vrensted-historier.dk\/index.php?rest_route=%2Fwp%2Fv2%2Fcategories&post=45519"},{"taxonomy":"post_tag","embeddable":true,"href":"https:\/\/vrensted-historier.dk\/index.php?rest_route=%2Fwp%2Fv2%2Ftags&post=45519"}],"curies":[{"name":"wp","href":"https:\/\/api.w.org\/{rel}","templated":true}]}}