{"id":45201,"date":"2024-06-16T22:49:09","date_gmt":"2024-06-16T20:49:09","guid":{"rendered":"https:\/\/vrensted-historier.dk\/?p=45201"},"modified":"2024-06-16T22:49:35","modified_gmt":"2024-06-16T20:49:35","slug":"anne-frank-mit-hjertebarn","status":"publish","type":"post","link":"https:\/\/vrensted-historier.dk\/?p=45201","title":{"rendered":"ANNE FRANK &#8211; mit hjertebarn"},"content":{"rendered":"<div class=\"html-div xe8uvvx xdj266r x11i5rnm xat24cr x1mh8g0r xexx8yu x4uap5 x18d9i69 xkhd6sd\">\n<div class=\"html-div xe8uvvx xdj266r x11i5rnm x1mh8g0r x18d9i69 x1cy8zhl x78zum5 x1q0g3np xod5an3 x1pi30zi x1swvt13 xz9dl7a\">\n<div class=\"html-div xe8uvvx xdj266r x11i5rnm xat24cr x1mh8g0r xexx8yu x4uap5 x18d9i69 xkhd6sd x1iyjqo2\">\n<div class=\"x78zum5 xdt5ytf xz62fqu x16ldp7u\">\n<div class=\"xu06os2 x1ok221b\">\n<h2 id=\":rc1:\" class=\"html-h2 xe8uvvx x11i5rnm xat24cr x1mh8g0r xexx8yu x4uap5 x18d9i69 xkhd6sd x1vvkbs x1heor9g x1qlqyl8 x1pd3egz x1a2a7pz x1gslohp x1yc453h\"><span class=\"xt0psk2\"><a class=\"x1i10hfl xjbqb8w x1ejq31n xd10rxx x1sy0etr x17r0tee x972fbf xcfux6l x1qhh985 xm0m39n x9f619 x1ypdohk xt0psk2 xe8uvvx xdj266r x11i5rnm xat24cr x1mh8g0r xexx8yu x4uap5 x18d9i69 xkhd6sd x16tdsg8 x1hl2dhg xggy1nq x1a2a7pz x1sur9pj xkrqix3 xzsf02u x1s688f\" tabindex=\"0\" role=\"link\" href=\"https:\/\/www.facebook.com\/profile.php?id=100014254895769&amp;__cft__[0]=AZU4IKxCcx2fZG9yVniln0UX0R4AES9VUD9c7mIYbQSe5FjoTJc2g8QAi9fycS5liZ6pnT5EpAlQ1I_vEjjmru6RX6nK0JcMlGU3zXmWSKDTXJiwm-ryv9bjxM-atyDSf8Vjc-DfcerSUp3UE_qZ7wg4RAMFNXj-NuVC4Kd3lBRiYyjXYL-7wOgr1zvdmR_h3-qpeopkFd9HYp7t2mPkpofnhrCuuqMwXTMzJt3sqob-3A&amp;__tn__=-UC%2CP-R\"><strong><span class=\"html-span xdj266r x11i5rnm xat24cr x1mh8g0r xexx8yu x4uap5 x18d9i69 xkhd6sd x1hl2dhg x16tdsg8 x1vvkbs\">Poul S\u00f8rensen<\/span><\/strong><\/a><\/span><\/h2>\n<\/div>\n<div class=\"xu06os2 x1ok221b\"><span class=\"x193iq5w xeuugli x13faqbe x1vvkbs xlh3980 xvmahel x1n0sxbx x1lliihq x1s928wv xhkezso x1gmr53x x1cpjm7i x1fgarty x1943h6x x4zkp8e x676frb x1nxh6w3 x1sibtaa xo1l8bm xi81zsa x1yc453h\" dir=\"auto\"><span id=\":rc2:\" class=\"html-span xdj266r x11i5rnm xat24cr x1mh8g0r xexx8yu x4uap5 x18d9i69 xkhd6sd x1hl2dhg x16tdsg8 x1vvkbs\"><canvas width=\"97.125\" height=\"34\"><\/canvas><span class=\"xh99ass\"><span class=\"xzpqnlu xjm9jq1 x6ikm8r x10wlt62 x10l6tqk x1i1rx1s\">\u00a0<\/span><span aria-hidden=\"true\"> \u00b7 <\/span><\/span><\/span><\/span><\/div>\n<\/div>\n<\/div>\n<div class=\"xqcrz7y x78zum5 x1qx5ct2 x1y1aw1k x1sxyh0 xwib8y2 xurb0ha xw4jnvo\">\n<div><\/div>\n<\/div>\n<\/div>\n<\/div>\n<div class=\"html-div xe8uvvx xdj266r x11i5rnm xat24cr x1mh8g0r xexx8yu x4uap5 x18d9i69 xkhd6sd\">\n<div class=\"html-div xe8uvvx xdj266r x11i5rnm xat24cr x1mh8g0r xexx8yu x4uap5 x18d9i69 xkhd6sd\" dir=\"auto\">\n<div id=\":rc3:\" class=\"x1iorvi4 x1pi30zi x1l90r2v x1swvt13\" data-ad-comet-preview=\"message\" data-ad-preview=\"message\">\n<div class=\"x78zum5 xdt5ytf xz62fqu x16ldp7u\">\n<div class=\"xu06os2 x1ok221b\">\n<div class=\"xdj266r x11i5rnm xat24cr x1mh8g0r x1vvkbs x126k92a\">\n<div dir=\"auto\"><img loading=\"lazy\" decoding=\"async\" class=\"alignnone size-medium wp-image-45202\" src=\"https:\/\/vrensted-historier.dk\/wp-content\/uploads\/2024\/06\/IMG_0561-600x600.jpeg\" alt=\"\" width=\"600\" height=\"600\" srcset=\"https:\/\/vrensted-historier.dk\/wp-content\/uploads\/2024\/06\/IMG_0561-600x600.jpeg 600w, https:\/\/vrensted-historier.dk\/wp-content\/uploads\/2024\/06\/IMG_0561-300x300.jpeg 300w, https:\/\/vrensted-historier.dk\/wp-content\/uploads\/2024\/06\/IMG_0561-768x768.jpeg 768w, https:\/\/vrensted-historier.dk\/wp-content\/uploads\/2024\/06\/IMG_0561.jpeg 1200w\" sizes=\"auto, (max-width: 709px) 85vw, (max-width: 909px) 67vw, (max-width: 984px) 61vw, (max-width: 1362px) 45vw, 600px\" \/>Jeg kalder Anne Frank mit hjertebarn, sk\u00f8nt hun er en hel del \u00e6ldre end mig.<\/div>\n<\/div>\n<div class=\"x11i5rnm xat24cr x1mh8g0r x1vvkbs xtlvy1s x126k92a\">\n<div dir=\"auto\">Anne, der ikke n\u00e5ede at fylde 16 \u00e5r, blev den evige teenager.<\/div>\n<\/div>\n<div class=\"x11i5rnm xat24cr x1mh8g0r x1vvkbs xtlvy1s x126k92a\">\n<div dir=\"auto\">Den 12. juni 2024 er det 95 \u00e5r siden, at hun &#8211; i 1929 &#8211; blev f\u00f8dt i Frankfurt am Main som lilles\u00f8ster til Margot fra 1926.<\/div>\n<\/div>\n<div class=\"x11i5rnm xat24cr x1mh8g0r x1vvkbs xtlvy1s x126k92a\">\n<div dir=\"auto\">Da j\u00f8deforf\u00f8lgelserne tog fart i Tyskland fra 1933, udvandrede familien til Amsterdam tillige med mange andre tyske j\u00f8der.<\/div>\n<\/div>\n<div class=\"x11i5rnm xat24cr x1mh8g0r x1vvkbs xtlvy1s x126k92a\">\n<div dir=\"auto\">Holland havde haft held til at holde sig uden for under 1. Verdenskrig 1914-1918.<\/div>\n<div dir=\"auto\">Det samme blev desv\u00e6rre ikke tilf\u00e6ldet under 2. Verdenskrig.<\/div>\n<div dir=\"auto\">Da Hollland blev besat i maj 1940, strammede bes\u00e6ttelsesmagten skridt for skridt grebet om de hollandske j\u00f8der.<\/div>\n<div dir=\"auto\">De mange j\u00f8diske flygtninge i Holland var efter bes\u00e6ttelsen i maj 1940 fanget som i en f\u00e6lde.<\/div>\n<\/div>\n<div class=\"x11i5rnm xat24cr x1mh8g0r x1vvkbs xtlvy1s x126k92a\">\n<div dir=\"auto\">Familien Frank gik sammen med fire andre j\u00f8diske flygtninge fra Tyskland i skjul i \u201cBaghuset\u201d midt i Amsterdam i juli 1942.<\/div>\n<div dir=\"auto\">Efter 25 m\u00e5neder i skjul, blev de otte i Baghuset forr\u00e5dt af ukendte, som gik efter en dus\u00f8r.<\/div>\n<\/div>\n<div class=\"x11i5rnm xat24cr x1mh8g0r x1vvkbs xtlvy1s x126k92a\">\n<div dir=\"auto\">I de mere end 2 \u00e5r i skjul blev de dagligt hjulpet af betroede medarbejdere i faderen Otto Franks firma. Den kendteste af disse medarbejdere var Miep Gies, som opn\u00e5ede at fylde 100 \u00e5r.<\/div>\n<div dir=\"auto\">Da de otte blev arresteret den 4. august 1944 af SS hjulpet af hollandske hj\u00e6lpere, s\u00e5 Anne Frank, at de smed hendes dagbog, som hun havde f\u00f8rt i de 25 m\u00e5neder, ned p\u00e5 gulvet.<\/div>\n<div dir=\"auto\">Anne m\u00e5tte tro, at dagbogen dermed var tabt for altid, men Miep Gies samlede den op igen og gemte den ul\u00e6st i en skuffe.<\/div>\n<div dir=\"auto\">Miep ville give dagbogen tilbage til Anne, n\u00e5r hun kom hjem fra Tyskland igen.<\/div>\n<\/div>\n<div class=\"x11i5rnm xat24cr x1mh8g0r x1vvkbs xtlvy1s x126k92a\">\n<div dir=\"auto\">Den eneste af de otte, som kom tilbage efter krigen, var den \u00e6ldste, faderen Otto Frank.<\/div>\n<div dir=\"auto\">Miep gav dagbogen til Otto som en personlig arv efter datteren Anne.<\/div>\n<div dir=\"auto\">To \u00e5r senere, i 1947, blev Annes dagbog udgivet med titlen \u201cBaghuset\u201d (Het Achterhuis).<\/div>\n<\/div>\n<div class=\"x11i5rnm xat24cr x1mh8g0r x1vvkbs xtlvy1s x126k92a\">\n<div dir=\"auto\">Anne talte og skrev p\u00e5 hollandsk.<\/div>\n<div dir=\"auto\">Bogen blev det mest kendte bidrag til verdenslitteraturen fra Holland, skrevet af en statsl\u00f8s pige, f\u00f8dt i Tyskland.<\/div>\n<\/div>\n<div class=\"x11i5rnm xat24cr x1mh8g0r x1vvkbs xtlvy1s x126k92a\">\n<div dir=\"auto\">Med Annes dagbog som udgangspunkt har jeg selv l\u00e6rt at l\u00e6se og forst\u00e5 hollandsk p\u00e5 et element\u00e6rt niveau.<\/div>\n<div dir=\"auto\">Anne har l\u00e6rt mig at forst\u00e5 hollandsk &#8211; et sprog som ogs\u00e5 jeg holder af.<\/div>\n<\/div>\n<div class=\"x11i5rnm xat24cr x1mh8g0r x1vvkbs xtlvy1s x126k92a\">\n<div dir=\"auto\">Har du endnu ikke l\u00e6st Anne Franks dagbog, er det ikke for tidligt, at du g\u00f8r det.<\/div>\n<div dir=\"auto\">Du kan med fordel supplere l\u00e6sning af dagbogen ved at l\u00e6se om familien Franks historie set fra hj\u00e6lperen Miep Gies\u2019 side: \u201cJeg kendte Anne Frank\u201d, som bogen hedder p\u00e5 dansk.<\/div>\n<div dir=\"auto\">Miep Gies var selv et plejebarn, som kom til Amsterdam som et udhungret wienerbarn efter 1. verdenskrig.<\/div>\n<\/div>\n<div class=\"x11i5rnm xat24cr x1mh8g0r x1vvkbs xtlvy1s x126k92a\">\n<div dir=\"auto\">Velsignet v\u00e6re Anne Franks minde!<\/div>\n<div dir=\"auto\"><img loading=\"lazy\" decoding=\"async\" class=\"alignnone size-medium wp-image-45203\" src=\"https:\/\/vrensted-historier.dk\/wp-content\/uploads\/2024\/06\/IMG_0563-600x600.jpeg\" alt=\"\" width=\"600\" height=\"600\" srcset=\"https:\/\/vrensted-historier.dk\/wp-content\/uploads\/2024\/06\/IMG_0563-600x600.jpeg 600w, https:\/\/vrensted-historier.dk\/wp-content\/uploads\/2024\/06\/IMG_0563-300x300.jpeg 300w, https:\/\/vrensted-historier.dk\/wp-content\/uploads\/2024\/06\/IMG_0563-768x768.jpeg 768w, https:\/\/vrensted-historier.dk\/wp-content\/uploads\/2024\/06\/IMG_0563.jpeg 1200w\" sizes=\"auto, (max-width: 709px) 85vw, (max-width: 909px) 67vw, (max-width: 984px) 61vw, (max-width: 1362px) 45vw, 600px\" \/> <img loading=\"lazy\" decoding=\"async\" class=\"alignnone size-medium wp-image-45204\" src=\"https:\/\/vrensted-historier.dk\/wp-content\/uploads\/2024\/06\/IMG_0562-600x600.jpeg\" alt=\"\" width=\"600\" height=\"600\" srcset=\"https:\/\/vrensted-historier.dk\/wp-content\/uploads\/2024\/06\/IMG_0562-600x600.jpeg 600w, https:\/\/vrensted-historier.dk\/wp-content\/uploads\/2024\/06\/IMG_0562-300x300.jpeg 300w, https:\/\/vrensted-historier.dk\/wp-content\/uploads\/2024\/06\/IMG_0562-768x768.jpeg 768w, https:\/\/vrensted-historier.dk\/wp-content\/uploads\/2024\/06\/IMG_0562.jpeg 1200w\" sizes=\"auto, (max-width: 709px) 85vw, (max-width: 909px) 67vw, (max-width: 984px) 61vw, (max-width: 1362px) 45vw, 600px\" \/><\/div>\n<\/div>\n<\/div>\n<\/div>\n<\/div>\n<\/div>\n<\/div>\n","protected":false},"excerpt":{"rendered":"<p>Poul S\u00f8rensen \u00a0 \u00b7 Jeg kalder Anne Frank mit hjertebarn, sk\u00f8nt hun er en hel del \u00e6ldre end mig. Anne, der ikke n\u00e5ede at fylde 16 \u00e5r, blev den evige teenager. Den 12. juni 2024 er det 95 \u00e5r siden, at hun &#8211; i 1929 &#8211; blev f\u00f8dt i Frankfurt am Main som lilles\u00f8ster til &hellip; <a href=\"https:\/\/vrensted-historier.dk\/?p=45201\" class=\"more-link\">L\u00e6s videre<span class=\"screen-reader-text\"> &#8220;ANNE FRANK &#8211; mit hjertebarn&#8221;<\/span><\/a><\/p>\n","protected":false},"author":1,"featured_media":0,"comment_status":"closed","ping_status":"closed","sticky":false,"template":"","format":"standard","meta":{"footnotes":""},"categories":[55],"tags":[],"class_list":["post-45201","post","type-post","status-publish","format-standard","hentry","category-vrensted-historier-dk"],"_links":{"self":[{"href":"https:\/\/vrensted-historier.dk\/index.php?rest_route=\/wp\/v2\/posts\/45201","targetHints":{"allow":["GET"]}}],"collection":[{"href":"https:\/\/vrensted-historier.dk\/index.php?rest_route=\/wp\/v2\/posts"}],"about":[{"href":"https:\/\/vrensted-historier.dk\/index.php?rest_route=\/wp\/v2\/types\/post"}],"author":[{"embeddable":true,"href":"https:\/\/vrensted-historier.dk\/index.php?rest_route=\/wp\/v2\/users\/1"}],"replies":[{"embeddable":true,"href":"https:\/\/vrensted-historier.dk\/index.php?rest_route=%2Fwp%2Fv2%2Fcomments&post=45201"}],"version-history":[{"count":1,"href":"https:\/\/vrensted-historier.dk\/index.php?rest_route=\/wp\/v2\/posts\/45201\/revisions"}],"predecessor-version":[{"id":45205,"href":"https:\/\/vrensted-historier.dk\/index.php?rest_route=\/wp\/v2\/posts\/45201\/revisions\/45205"}],"wp:attachment":[{"href":"https:\/\/vrensted-historier.dk\/index.php?rest_route=%2Fwp%2Fv2%2Fmedia&parent=45201"}],"wp:term":[{"taxonomy":"category","embeddable":true,"href":"https:\/\/vrensted-historier.dk\/index.php?rest_route=%2Fwp%2Fv2%2Fcategories&post=45201"},{"taxonomy":"post_tag","embeddable":true,"href":"https:\/\/vrensted-historier.dk\/index.php?rest_route=%2Fwp%2Fv2%2Ftags&post=45201"}],"curies":[{"name":"wp","href":"https:\/\/api.w.org\/{rel}","templated":true}]}}