{"id":45198,"date":"2024-06-16T22:42:44","date_gmt":"2024-06-16T20:42:44","guid":{"rendered":"https:\/\/vrensted-historier.dk\/?p=45198"},"modified":"2025-02-18T08:25:33","modified_gmt":"2025-02-18T07:25:33","slug":"jesus-berdens-lyd","status":"publish","type":"post","link":"https:\/\/vrensted-historier.dk\/?p=45198","title":{"rendered":"Jesus verdens lys, ogs\u00e5 p\u00e5 str\u00f8get i K\u00f8benhavn"},"content":{"rendered":"<div class=\"html-div xe8uvvx xdj266r x11i5rnm xat24cr x1mh8g0r xexx8yu x4uap5 x18d9i69 xkhd6sd\">\n<div class=\"html-div xe8uvvx xdj266r x11i5rnm x1mh8g0r x18d9i69 x1cy8zhl x78zum5 x1q0g3np xod5an3 x1pi30zi x1swvt13 xz9dl7a\">\n<div class=\"html-div xe8uvvx xdj266r x11i5rnm xat24cr x1mh8g0r xexx8yu x4uap5 x18d9i69 xkhd6sd x1iyjqo2\">\n<div class=\"x78zum5 xdt5ytf xz62fqu x16ldp7u\">\n<div class=\"xu06os2 x1ok221b\">\n<h2 id=\":rb2:\" class=\"html-h2 xe8uvvx x11i5rnm xat24cr x1mh8g0r xexx8yu x4uap5 x18d9i69 xkhd6sd x1vvkbs x1heor9g x1qlqyl8 x1pd3egz x1a2a7pz x1gslohp x1yc453h\"><\/h2>\n<\/div>\n<\/div>\n<\/div>\n<\/div>\n<\/div>\n<div class=\"html-div xe8uvvx xdj266r x11i5rnm xat24cr x1mh8g0r xexx8yu x4uap5 x18d9i69 xkhd6sd\">\n<div class=\"html-div xe8uvvx xdj266r x11i5rnm xat24cr x1mh8g0r xexx8yu x4uap5 x18d9i69 xkhd6sd\" dir=\"auto\">\n<div id=\":rb4:\" class=\"x1iorvi4 x1pi30zi x1swvt13 xjkvuk6\" data-ad-comet-preview=\"message\" data-ad-preview=\"message\">\n<div class=\"x78zum5 xdt5ytf xz62fqu x16ldp7u\">\n<div class=\"xu06os2 x1ok221b\">\n<div class=\"xdj266r x11i5rnm xat24cr x1mh8g0r x1vvkbs x126k92a\">\n<div dir=\"auto\">JESUS VERDENS LYS<\/div>\n<div dir=\"auto\">&#8211; ogs\u00e5 p\u00e5 Str\u00f8get i K\u00f8benhavn<\/div>\n<div dir=\"auto\"><\/div>\n<\/div>\n<div class=\"x11i5rnm xat24cr x1mh8g0r x1vvkbs xtlvy1s x126k92a\">\n<div dir=\"auto\">Da jeg kom til K\u00f8benhavn i 1971 for at studere, s\u00e5 jeg flere gange p\u00e5 mine aftenvandringer p\u00e5 Str\u00f8get en mand, som stod med en stander med lys i.<\/div>\n<div dir=\"auto\">Det indbyggede elektriske lys i standeren oplyste skilteteksten, som var JESUS VERDENS LYS.<\/div>\n<\/div>\n<div class=\"x11i5rnm xat24cr x1mh8g0r x1vvkbs xtlvy1s x126k92a\">\n<div dir=\"auto\">Jeg mener at kunne huske, at manden sad i en k\u00f8restol.<\/div>\n<div dir=\"auto\">Med denne stander var han p\u00e5 gademission i aftentimerne p\u00e5 Str\u00f8get.<\/div>\n<div dir=\"auto\">M\u00e5ske er der l\u00e6sere af mit opslag, der kan huske manden med lysskiltet p\u00e5 Str\u00f8get?<\/div>\n<div dir=\"auto\">Manden med lysskiltet gjorde indtryk p\u00e5 mig, der dengang m\u00e5ske kunne beskrives som \u201cet lille Guds ord fra landet\u201d, der nu var kommet til storbyen for at l\u00e6se til pr\u00e6st.<\/div>\n<\/div>\n<div class=\"x11i5rnm xat24cr x1mh8g0r x1vvkbs xtlvy1s x126k92a\">\n<div dir=\"auto\">N\u00e5r jeg g\u00e5r p\u00e5 Str\u00f8get i dag, s\u00e5 er det manden med lysskiltet, som dukker op p\u00e5 min erindrings lystavle.<\/div>\n<\/div>\n<div class=\"x11i5rnm xat24cr x1mh8g0r x1vvkbs xtlvy1s x126k92a\">\n<div dir=\"auto\">Jesus er verdens lys, det er s\u00e5 sandt, som det er sagt.<\/div>\n<div dir=\"auto\">Det er et af de 7 \u201cjeg er\u201d- ord, hvori Jesus i Johannesevangeliet \u00e5benbarer sig selv, her som \u201cverdens lys\u201d.<\/div>\n<\/div>\n<div class=\"x11i5rnm xat24cr x1mh8g0r x1vvkbs xtlvy1s x126k92a\">\n<div dir=\"auto\">Hvis man gik hen til manden med lystavlen, ville han helt bestemt fort\u00e6lle om betydningen af ordet.<\/div>\n<div dir=\"auto\">Her vil jeg gerne skrive ordet af Jesus, som st\u00e5r i Johannesevangeliet lige efter en beretning om en kvinde, som havde v\u00e6ret t\u00e6t p\u00e5 at blive stenet.<\/div>\n<div dir=\"auto\">Jesus skrev dengang noget p\u00e5 jorden med fingeren.<\/div>\n<div dir=\"auto\">Da de skriftkloge og faris\u00e6erne blev ved med at sp\u00f8rge Jesus, sagde han blot: \u201cDen af jer, der er uden synd, skal kaste den f\u00f8rste sten p\u00e5 hende.\u201d<\/div>\n<div dir=\"auto\">S\u00e5 b\u00f8jede Jesus sig igen ned og skrev p\u00e5 jorden.<\/div>\n<div dir=\"auto\">L\u00e6s beretningen i Johannesevangeliet 8,1-11.<\/div>\n<div dir=\"auto\">Efter denne beretning &#8211; i 8,12 &#8211; st\u00e5r det Jesus-ord, som ikke blot g\u00e6lder kvinden:<\/div>\n<div dir=\"auto\">\u201cJeg er verdens lys. Den, der f\u00f8lger mig, skal aldrig vandre i m\u00f8rket, men have livets lys.\u201d<\/div>\n<div dir=\"auto\">Amen.<\/div>\n<\/div>\n<\/div>\n<\/div>\n<\/div>\n<\/div>\n<\/div>\n","protected":false},"excerpt":{"rendered":"<p>JESUS VERDENS LYS &#8211; ogs\u00e5 p\u00e5 Str\u00f8get i K\u00f8benhavn Da jeg kom til K\u00f8benhavn i 1971 for at studere, s\u00e5 jeg flere gange p\u00e5 mine aftenvandringer p\u00e5 Str\u00f8get en mand, som stod med en stander med lys i. Det indbyggede elektriske lys i standeren oplyste skilteteksten, som var JESUS VERDENS LYS. Jeg mener at kunne &hellip; <a href=\"https:\/\/vrensted-historier.dk\/?p=45198\" class=\"more-link\">L\u00e6s videre<span class=\"screen-reader-text\"> &#8220;Jesus verdens lys, ogs\u00e5 p\u00e5 str\u00f8get i K\u00f8benhavn&#8221;<\/span><\/a><\/p>\n","protected":false},"author":1,"featured_media":0,"comment_status":"closed","ping_status":"closed","sticky":false,"template":"","format":"standard","meta":{"footnotes":""},"categories":[66],"tags":[],"class_list":["post-45198","post","type-post","status-publish","format-standard","hentry","category-historier-fra-vendsyssel"],"_links":{"self":[{"href":"https:\/\/vrensted-historier.dk\/index.php?rest_route=\/wp\/v2\/posts\/45198","targetHints":{"allow":["GET"]}}],"collection":[{"href":"https:\/\/vrensted-historier.dk\/index.php?rest_route=\/wp\/v2\/posts"}],"about":[{"href":"https:\/\/vrensted-historier.dk\/index.php?rest_route=\/wp\/v2\/types\/post"}],"author":[{"embeddable":true,"href":"https:\/\/vrensted-historier.dk\/index.php?rest_route=\/wp\/v2\/users\/1"}],"replies":[{"embeddable":true,"href":"https:\/\/vrensted-historier.dk\/index.php?rest_route=%2Fwp%2Fv2%2Fcomments&post=45198"}],"version-history":[{"count":4,"href":"https:\/\/vrensted-historier.dk\/index.php?rest_route=\/wp\/v2\/posts\/45198\/revisions"}],"predecessor-version":[{"id":45586,"href":"https:\/\/vrensted-historier.dk\/index.php?rest_route=\/wp\/v2\/posts\/45198\/revisions\/45586"}],"wp:attachment":[{"href":"https:\/\/vrensted-historier.dk\/index.php?rest_route=%2Fwp%2Fv2%2Fmedia&parent=45198"}],"wp:term":[{"taxonomy":"category","embeddable":true,"href":"https:\/\/vrensted-historier.dk\/index.php?rest_route=%2Fwp%2Fv2%2Fcategories&post=45198"},{"taxonomy":"post_tag","embeddable":true,"href":"https:\/\/vrensted-historier.dk\/index.php?rest_route=%2Fwp%2Fv2%2Ftags&post=45198"}],"curies":[{"name":"wp","href":"https:\/\/api.w.org\/{rel}","templated":true}]}}