{"id":43526,"date":"2023-03-06T14:58:36","date_gmt":"2023-03-06T13:58:36","guid":{"rendered":"https:\/\/vrensted-historier.dk\/?p=43526"},"modified":"2023-10-18T22:29:31","modified_gmt":"2023-10-18T20:29:31","slug":"nybyggeri-boligforeningen-pm-i-1943","status":"publish","type":"post","link":"https:\/\/vrensted-historier.dk\/?p=43526","title":{"rendered":"Nybyggeri &#8211; Boligforeningen PM i april 1943"},"content":{"rendered":"<p>&nbsp;<\/p>\n<h2>Ved starten af Boligforeningen PM-Br\u00f8nderslev<\/h2>\n<h2>Byggeriet af lejligheder i S\u00f8ndergade<\/h2>\n<h6>Den 7. april 1943\u00a0Kransen hejst over\u00a0Br\u00f8nderslev.<\/h6>\n<p><img loading=\"lazy\" decoding=\"async\" class=\"alignright size-medium wp-image-43536\" src=\"https:\/\/vrensted-historier.dk\/wp-content\/uploads\/2023\/03\/1-pm.jpg\" alt=\"\" width=\"440\" height=\"447\" srcset=\"https:\/\/vrensted-historier.dk\/wp-content\/uploads\/2023\/03\/1-pm.jpg 440w, https:\/\/vrensted-historier.dk\/wp-content\/uploads\/2023\/03\/1-pm-295x300.jpg 295w\" sizes=\"auto, (max-width: 440px) 85vw, 440px\" \/><\/p>\n<h6>P.M. Boligforeningens 24 f\u00f8rste Lejligheder i<\/h6>\n<p>Boligforeningen P.M.`s Nybygning i S\u00f8ndergade<\/p>\n<p>I Eftermiddags var man naaet saa vidt, at Kransen kunde hejses over Boligforeningen \u00bbP. M.`s 24 Lejligheder, den store Blok ved S\u00f8ndergade, og i den friske Storm samledes Arbejderne, Haandv\u00e6rksmestre, Arkitekt Aaby S\u00f8rensen, Aalborg, Direkt\u00f8rerne Peder J. Nielsen og Juul Nielsen, Borgmester Jensen og Leverand\u00f8rer til en H\u00f8jtidelighed under Sp\u00e6rene.<\/p>\n<p>Boligforeningens Formand, Smed C.O.Ragner, b\u00f8d velkommen og udtalte Boligselskabets Tak til Direkt\u00f8rerne paa P. M., der havde taget Initiativet til Byggeriet og trods Trevenhed og Modgang i Starten ikke havde givet op men med sejgt Udholdenhed havde gjort til det Resultat, der er naaet. Formanden rettede ligeledes en Tak til Haandv\u00e6rkerne, der havde rejst Bygningen i noget n\u00e6r Rekordtid, til Arkitekterne Odgaard og Aaby S\u00f8rensen, Aalborg, og til Arbejderne.<\/p>\n<p>Direkt\u00f8r Peder J. Nielsen lyk\u00f8nskede Boligforeningen og udtalte bl.a.: Grunden til, at Firmaet gjorde dette Eksperiment og ydede Tilskud til dette Byggeforetagende var dels at s\u00f8ge Boligmangelen afhjulpet, dels at bidrage til Besk\u00e6ftigelsen og sidst men ikke mindst at skaffe Arbejderne bedre Boliger, idet bedre Boliger og bedre Forhold i det hele taget skaber tilfredse og dermed bedre Arbejdere. Jeg kan meddele, at P.M. Boligforeningens n\u00e6ste Projekt paa 36 Lejligheder er saa godt som sikret, og saaledes vil vi forts\u00e6tte, saal\u00e6nge der er Trang derfor. Tak til alle for udm\u00e6rket Arbejde. Tak til Smed Ragner for hans Indsats. Uden Ragner, der har trukket det store L\u00e6s, var vi ikke naaet saa langt.<\/p>\n<p>Derefter blev der budt paa en Forfriskning, og Arbejderne fik overrakt en Erkendtlighed.<\/p>\n<p><img loading=\"lazy\" decoding=\"async\" class=\"size-full wp-image-43537 aligncenter\" src=\"https:\/\/vrensted-historier.dk\/wp-content\/uploads\/2023\/03\/2-pm.jpg\" alt=\"\" width=\"394\" height=\"466\" srcset=\"https:\/\/vrensted-historier.dk\/wp-content\/uploads\/2023\/03\/2-pm.jpg 394w, https:\/\/vrensted-historier.dk\/wp-content\/uploads\/2023\/03\/2-pm-254x300.jpg 254w\" sizes=\"auto, (max-width: 394px) 85vw, 394px\" \/><\/p>\n<p style=\"text-align: center;\">Direkt\u00f8r Peder J. Nielsen bringer sin Lyk\u00f8nskning. Til venstre<\/p>\n<p style=\"text-align: center;\">Arkitekt Aaby S\u00f8rensen, \u00a0Aalborg, og i Midten Direkt\u00f8r Juul Nielsen<\/p>\n<p>Arkitekt Aaby S\u00f8rensen takkede Boligforeningen, fordi hans Firma havde faaet Opgaven betroet, og Haandv\u00e6rkerne for udm\u00e6rket Arbejde og udbragte et Leve Boligforeningen P. M.<\/p>\n<p>Borgmester Thorvald Jensen bragte Byens Lyk\u00f8nskning, idet han udtalte: Den Bygning, der nu er rejst, er endnu et Vidnesbyrd om, at naar P. M. tager fat, er det ikke Smaatterier, man er her vant til store Forhold. Det Initiativ, der her er taget, tjener saavel Direkt\u00f8rer som Arbejdere til \u00e6re og er et Udtryk for det Samfundssind, der b\u00f8r udvises. Derigennem l\u00f8ses Opgaver som Enkeltmand ikke kan magte. Jeg haaber, at det fortsat i Fremtiden maa lykkes Boligselskabet at l\u00f8se sine Opgaver og derved skaffe gode og sunde Boliger.<\/p>\n<p>Murermester Thorst takkede paa Haandv\u00e6rkernes Vegne for den viste Tillid og rettede en Tak til PM for \u00f8konomisk st\u00f8tte og Bestyrelsen for Boligforeningen, adresseret til smed C.O. Ragner, samt til Arkitek og Arbejdere for udm\u00e6rket Samarbejde.<\/p>\n<p>&nbsp;<\/p>\n","protected":false},"excerpt":{"rendered":"<p>&nbsp; Ved starten af Boligforeningen PM-Br\u00f8nderslev Byggeriet af lejligheder i S\u00f8ndergade Den 7. april 1943\u00a0Kransen hejst over\u00a0Br\u00f8nderslev. P.M. Boligforeningens 24 f\u00f8rste Lejligheder i Boligforeningen P.M.`s Nybygning i S\u00f8ndergade I Eftermiddags var man naaet saa vidt, at Kransen kunde hejses over Boligforeningen \u00bbP. M.`s 24 Lejligheder, den store Blok ved S\u00f8ndergade, og i den friske Storm &hellip; <a href=\"https:\/\/vrensted-historier.dk\/?p=43526\" class=\"more-link\">L\u00e6s videre<span class=\"screen-reader-text\"> &#8220;Nybyggeri &#8211; Boligforeningen PM i april 1943&#8221;<\/span><\/a><\/p>\n","protected":false},"author":1,"featured_media":0,"comment_status":"closed","ping_status":"closed","sticky":false,"template":"","format":"standard","meta":{"footnotes":""},"categories":[54,55],"tags":[],"class_list":["post-43526","post","type-post","status-publish","format-standard","hentry","category-broenderslev-historier","category-vrensted-historier-dk"],"_links":{"self":[{"href":"https:\/\/vrensted-historier.dk\/index.php?rest_route=\/wp\/v2\/posts\/43526","targetHints":{"allow":["GET"]}}],"collection":[{"href":"https:\/\/vrensted-historier.dk\/index.php?rest_route=\/wp\/v2\/posts"}],"about":[{"href":"https:\/\/vrensted-historier.dk\/index.php?rest_route=\/wp\/v2\/types\/post"}],"author":[{"embeddable":true,"href":"https:\/\/vrensted-historier.dk\/index.php?rest_route=\/wp\/v2\/users\/1"}],"replies":[{"embeddable":true,"href":"https:\/\/vrensted-historier.dk\/index.php?rest_route=%2Fwp%2Fv2%2Fcomments&post=43526"}],"version-history":[{"count":8,"href":"https:\/\/vrensted-historier.dk\/index.php?rest_route=\/wp\/v2\/posts\/43526\/revisions"}],"predecessor-version":[{"id":43581,"href":"https:\/\/vrensted-historier.dk\/index.php?rest_route=\/wp\/v2\/posts\/43526\/revisions\/43581"}],"wp:attachment":[{"href":"https:\/\/vrensted-historier.dk\/index.php?rest_route=%2Fwp%2Fv2%2Fmedia&parent=43526"}],"wp:term":[{"taxonomy":"category","embeddable":true,"href":"https:\/\/vrensted-historier.dk\/index.php?rest_route=%2Fwp%2Fv2%2Fcategories&post=43526"},{"taxonomy":"post_tag","embeddable":true,"href":"https:\/\/vrensted-historier.dk\/index.php?rest_route=%2Fwp%2Fv2%2Ftags&post=43526"}],"curies":[{"name":"wp","href":"https:\/\/api.w.org\/{rel}","templated":true}]}}