{"id":38679,"date":"2022-09-15T22:20:11","date_gmt":"2022-09-15T20:20:11","guid":{"rendered":"https:\/\/vrensted-historier.dk\/?p=38679"},"modified":"2025-02-18T07:59:50","modified_gmt":"2025-02-18T06:59:50","slug":"koebmand-valdemar-pedersen-algade-52-broenderslev","status":"publish","type":"post","link":"https:\/\/vrensted-historier.dk\/?p=38679","title":{"rendered":"K\u00f8bmand Valdemar Pedersen Algade 52 Br\u00f8nderslev"},"content":{"rendered":"<p><img loading=\"lazy\" decoding=\"async\" class=\"alignnone size-medium wp-image-38680\" src=\"https:\/\/vrensted-historier.dk\/wp-content\/uploads\/2022\/09\/Billede2-14-600x356.png\" alt=\"\" width=\"600\" height=\"356\" srcset=\"https:\/\/vrensted-historier.dk\/wp-content\/uploads\/2022\/09\/Billede2-14-600x356.png 600w, https:\/\/vrensted-historier.dk\/wp-content\/uploads\/2022\/09\/Billede2-14-300x178.png 300w, https:\/\/vrensted-historier.dk\/wp-content\/uploads\/2022\/09\/Billede2-14.png 668w\" sizes=\"auto, (max-width: 709px) 85vw, (max-width: 909px) 67vw, (max-width: 984px) 61vw, (max-width: 1362px) 45vw, 600px\" \/><\/p>\n<p>Valdemar Pedersens hus br\u00e6ndte i ca. 1979.<br \/>\nValdemar d\u00f8de i sommeren 1978<\/p>\n<p><a href=\"https:\/\/www.facebook.com\/groups\/1968007433485226\/user\/100033924639338\/?__cft__%5b0%5d=AZUmt717lXybsVFyyq9CeGsL4wdtTTEifBv62hHnErMvvzO2qNZyZnjRhLtyiZUc2bQk7vHEys2RSylByCT_RlUp-L0QmEJFamQQv_Kb1BGr8aTA-lqdvcY9K9bd_aYXlkedt5uLDl3zVyNGGNCWztvo&amp;__tn__=R%5d-R\"><strong>Knud Erik S\u00f8rensen<\/strong><\/a><\/p>\n<p>Der har jeg v\u00e6ret bydreng. En af opgaverne var at skubbe en gammel ost tilbage p\u00e5 hylden, inden vi gik hjem &#8211; den var s\u00e5 levende, at den flyttede sig ud over kanten<\/p>\n<p><a href=\"https:\/\/www.facebook.com\/groups\/1968007433485226\/user\/100000457501511\/?__cft__%5b0%5d=AZUmt717lXybsVFyyq9CeGsL4wdtTTEifBv62hHnErMvvzO2qNZyZnjRhLtyiZUc2bQk7vHEys2RSylByCT_RlUp-L0QmEJFamQQv_Kb1BGr8aTA-lqdvcY9K9bd_aYXlkedt5uLDl3zVyNGGNCWztvo&amp;__tn__=R%5d-R\"><strong>Helle Metha Larsen Hansen<\/strong><\/a><\/p>\n<p>Der lugtede altid af friskmalet kaffe, n\u00e5r man gik forbi den butik, han havde s\u00e5dan nogle store gamle kaffem\u00f8ller&#8230;. jeg elskede den duft.<\/p>\n<p><a href=\"https:\/\/www.facebook.com\/groups\/1968007433485226\/user\/100001223882022\/?__cft__%5b0%5d=AZUmt717lXybsVFyyq9CeGsL4wdtTTEifBv62hHnErMvvzO2qNZyZnjRhLtyiZUc2bQk7vHEys2RSylByCT_RlUp-L0QmEJFamQQv_Kb1BGr8aTA-lqdvcY9K9bd_aYXlkedt5uLDl3zVyNGGNCWztvo&amp;__tn__=R%5d-R\"><strong>Bent Kristensen<\/strong><\/a><\/p>\n<p>Her hos Valdemar Pedersen var der en nissemand, der havde fat i kaffem\u00f8llen i december m\u00e5ned, og trak den rundt.<\/p>\n<p><a href=\"https:\/\/www.facebook.com\/groups\/1968007433485226\/user\/1145823867\/?__cft__%5b0%5d=AZUmt717lXybsVFyyq9CeGsL4wdtTTEifBv62hHnErMvvzO2qNZyZnjRhLtyiZUc2bQk7vHEys2RSylByCT_RlUp-L0QmEJFamQQv_Kb1BGr8aTA-lqdvcY9K9bd_aYXlkedt5uLDl3zVyNGGNCWztvo&amp;__tn__=R%5d-R\"><strong>Inger-Marie Bach Jensen<\/strong><\/a><\/p>\n<p>Her havde jeg fritidsjob i 3-4 \u00e5r hver eftermiddag, fredag aften og l\u00f8rdag. Hold op hvor har jeg sl\u00e6bt mange 30 flaskers kasser over disken og t\u00f8rret st\u00f8v af nissen &#8211; alt var i skuffer, l\u00f8s v\u00e6gt &#8211; fantastiske minder &#8211; l\u00e6rte meget, at &#8220;sidste salgsdato ikke bet\u00f8d noget\u201d &#8211; Valdemar Petersen sagde &#8220;der st\u00e5r jo ikke, at det ikke kan spises\u00a0&#8220;. Mug p\u00e5 osten blev ogs\u00e5 vasket af, og kaffeposerne skulle lukket p\u00e5 en s\u00e6rlig m\u00e5de &#8211; tit en ommer\u00a0.<\/p>\n<p>Var dagligt i banken med dagens oms\u00e6tning i en brun kuvert &#8211; nogle gange med 4000 kr. p\u00e5 en god dag. Fik i startl\u00f8n 55 kr. om ugen &#8211; endte med 90 kr. som 15-\u00e5rig.<\/p>\n<p>Fik en budcykel p\u00e5 et tidspunkt og heldigvis lidt selvregulering af l\u00f8n i forhold til lidt ekstra \u00f8l &#8211; en pakke sm\u00f8ger i posen til min bror Allan, Bette Leif og vennerne- husker du det Hanne Saaby.<\/p>\n<p>De sidste \u00e5r boede Gorie, Valdemars kone, i lejligheden ved siden af trods det, at de havde en fantastisk lejlighed i N\u00f8rresundby Solg\u00e5rden t\u00e6t ved Limfjorden.<\/p>\n<p>Det var usle forhold, de boede under i Algade. Valdemar passede godt p\u00e5 sine penge. Dr\u00f8mte om at arve k\u00f8bmandsdisken &#8211; hvor mon den blev af, da huset blev solgt.<\/p>\n<p><a href=\"https:\/\/www.facebook.com\/groups\/1968007433485226\/user\/1826196236\/?__cft__%5b0%5d=AZUmt717lXybsVFyyq9CeGsL4wdtTTEifBv62hHnErMvvzO2qNZyZnjRhLtyiZUc2bQk7vHEys2RSylByCT_RlUp-L0QmEJFamQQv_Kb1BGr8aTA-lqdvcY9K9bd_aYXlkedt5uLDl3zVyNGGNCWztvo&amp;__tn__=R%5d-R\"><strong>Preben Johansen<\/strong><\/a><\/p>\n<p>Ham husker jeg rigtig godt &#8211; var bydreng der i en periode, mens jeg gik i skole. Husker \u00f8lk\u00e6lderen i baglokalet, og jeg skulle veje mel og sukker op i brune poser, og Valdemar l\u00e6rte mig at folde lukningen p\u00e5 poserne korrekt &#8211; det skulle jo se fint ud. De mange ture p\u00e5 budcyklen husker jeg ogs\u00e5 en del af &#8211; gode minder hos Valdemar Petersen<\/p>\n<p>Jeg boede i det, der dengang var Algade 27.<\/p>\n","protected":false},"excerpt":{"rendered":"<p>Valdemar Pedersens hus br\u00e6ndte i ca. 1979. Valdemar d\u00f8de i sommeren 1978 Knud Erik S\u00f8rensen Der har jeg v\u00e6ret bydreng. En af opgaverne var at skubbe en gammel ost tilbage p\u00e5 hylden, inden vi gik hjem &#8211; den var s\u00e5 levende, at den flyttede sig ud over kanten Helle Metha Larsen Hansen Der lugtede altid &hellip; <a href=\"https:\/\/vrensted-historier.dk\/?p=38679\" class=\"more-link\">L\u00e6s videre<span class=\"screen-reader-text\"> &#8220;K\u00f8bmand Valdemar Pedersen Algade 52 Br\u00f8nderslev&#8221;<\/span><\/a><\/p>\n","protected":false},"author":1,"featured_media":0,"comment_status":"closed","ping_status":"closed","sticky":false,"template":"","format":"standard","meta":{"footnotes":""},"categories":[66],"tags":[],"class_list":["post-38679","post","type-post","status-publish","format-standard","hentry","category-historier-fra-vendsyssel"],"_links":{"self":[{"href":"https:\/\/vrensted-historier.dk\/index.php?rest_route=\/wp\/v2\/posts\/38679","targetHints":{"allow":["GET"]}}],"collection":[{"href":"https:\/\/vrensted-historier.dk\/index.php?rest_route=\/wp\/v2\/posts"}],"about":[{"href":"https:\/\/vrensted-historier.dk\/index.php?rest_route=\/wp\/v2\/types\/post"}],"author":[{"embeddable":true,"href":"https:\/\/vrensted-historier.dk\/index.php?rest_route=\/wp\/v2\/users\/1"}],"replies":[{"embeddable":true,"href":"https:\/\/vrensted-historier.dk\/index.php?rest_route=%2Fwp%2Fv2%2Fcomments&post=38679"}],"version-history":[{"count":1,"href":"https:\/\/vrensted-historier.dk\/index.php?rest_route=\/wp\/v2\/posts\/38679\/revisions"}],"predecessor-version":[{"id":38681,"href":"https:\/\/vrensted-historier.dk\/index.php?rest_route=\/wp\/v2\/posts\/38679\/revisions\/38681"}],"wp:attachment":[{"href":"https:\/\/vrensted-historier.dk\/index.php?rest_route=%2Fwp%2Fv2%2Fmedia&parent=38679"}],"wp:term":[{"taxonomy":"category","embeddable":true,"href":"https:\/\/vrensted-historier.dk\/index.php?rest_route=%2Fwp%2Fv2%2Fcategories&post=38679"},{"taxonomy":"post_tag","embeddable":true,"href":"https:\/\/vrensted-historier.dk\/index.php?rest_route=%2Fwp%2Fv2%2Ftags&post=38679"}],"curies":[{"name":"wp","href":"https:\/\/api.w.org\/{rel}","templated":true}]}}