{"id":321,"date":"2018-08-04T20:01:57","date_gmt":"2018-08-04T20:01:57","guid":{"rendered":"http:\/\/vrensted-historier.dk\/?p=321"},"modified":"2020-04-03T00:27:43","modified_gmt":"2020-04-02T22:27:43","slug":"villa-holmen-syd-for-kirken-i-vrensted","status":"publish","type":"post","link":"https:\/\/vrensted-historier.dk\/?p=321","title":{"rendered":"Villa Holmen,  syd for kirken i Vrensted"},"content":{"rendered":"<header class=\"entry-header\">\n<h1 class=\"entry-title\"><strong style=\"font-size: 19px; font-style: italic;\">\u201cVilla Holmen\u201d<\/strong><strong style=\"font-size: 19px; font-style: italic;\">L\u00e6geboligen, Ingstrupvej. 3, Vrensted, matr 84 c, den flotte hvide villa beliggende ved Kirkedammen og kirken blev opf\u00f8rt af Lars Pedersen Holmen i 1924.<\/strong><\/h1>\n<h1 class=\"entry-title\"><img loading=\"lazy\" decoding=\"async\" class=\"wp-image-26194 size-medium\" style=\"background-color: transparent; text-align: inherit; font-size: 16px;\" src=\"https:\/\/vrensted-historier.dk\/wp-content\/uploads\/2018\/08\/04C1B9EA-C29B-47FD-8A21-3036A9C174AB-600x600.jpeg\" alt=\"\" width=\"600\" height=\"600\" srcset=\"https:\/\/vrensted-historier.dk\/wp-content\/uploads\/2018\/08\/04C1B9EA-C29B-47FD-8A21-3036A9C174AB-600x600.jpeg 600w, https:\/\/vrensted-historier.dk\/wp-content\/uploads\/2018\/08\/04C1B9EA-C29B-47FD-8A21-3036A9C174AB-300x300.jpeg 300w, https:\/\/vrensted-historier.dk\/wp-content\/uploads\/2018\/08\/04C1B9EA-C29B-47FD-8A21-3036A9C174AB.jpeg 640w\" sizes=\"auto, (max-width: 709px) 85vw, (max-width: 909px) 67vw, (max-width: 984px) 61vw, (max-width: 1362px) 45vw, 600px\" \/><\/h1>\n<\/header>\n<div class=\"entry-content\">\n<p>foto fra 2016<img loading=\"lazy\" decoding=\"async\" class=\"alignnone size-medium wp-image-26195\" src=\"https:\/\/vrensted-historier.dk\/wp-content\/uploads\/2018\/08\/AE7F32FB-A9E2-4DE7-8782-E3E349678848-600x600.jpeg\" alt=\"\" width=\"600\" height=\"600\" srcset=\"https:\/\/vrensted-historier.dk\/wp-content\/uploads\/2018\/08\/AE7F32FB-A9E2-4DE7-8782-E3E349678848-600x600.jpeg 600w, https:\/\/vrensted-historier.dk\/wp-content\/uploads\/2018\/08\/AE7F32FB-A9E2-4DE7-8782-E3E349678848-300x300.jpeg 300w, https:\/\/vrensted-historier.dk\/wp-content\/uploads\/2018\/08\/AE7F32FB-A9E2-4DE7-8782-E3E349678848.jpeg 630w\" sizes=\"auto, (max-width: 709px) 85vw, (max-width: 909px) 67vw, (max-width: 984px) 61vw, (max-width: 1362px) 45vw, 600px\" \/><\/p>\n<p><img loading=\"lazy\" decoding=\"async\" class=\"alignnone size-medium wp-image-26196\" src=\"https:\/\/vrensted-historier.dk\/wp-content\/uploads\/2018\/08\/73F88CCC-37D3-4E92-90F3-A11DB0392E04-600x600.jpeg\" alt=\"\" width=\"600\" height=\"600\" srcset=\"https:\/\/vrensted-historier.dk\/wp-content\/uploads\/2018\/08\/73F88CCC-37D3-4E92-90F3-A11DB0392E04-600x600.jpeg 600w, https:\/\/vrensted-historier.dk\/wp-content\/uploads\/2018\/08\/73F88CCC-37D3-4E92-90F3-A11DB0392E04-300x300.jpeg 300w, https:\/\/vrensted-historier.dk\/wp-content\/uploads\/2018\/08\/73F88CCC-37D3-4E92-90F3-A11DB0392E04.jpeg 640w\" sizes=\"auto, (max-width: 709px) 85vw, (max-width: 909px) 67vw, (max-width: 984px) 61vw, (max-width: 1362px) 45vw, 600px\" \/><\/p>\n<figure id=\"attachment_26197\" aria-describedby=\"caption-attachment-26197\" style=\"width: 600px\" class=\"wp-caption alignnone\"><img loading=\"lazy\" decoding=\"async\" class=\"wp-image-26197 size-medium\" src=\"https:\/\/vrensted-historier.dk\/wp-content\/uploads\/2018\/08\/1B5201B7-04C1-479F-86B8-D1ACEDFB9954-600x378.jpeg\" alt=\"\" width=\"600\" height=\"378\" srcset=\"https:\/\/vrensted-historier.dk\/wp-content\/uploads\/2018\/08\/1B5201B7-04C1-479F-86B8-D1ACEDFB9954-600x378.jpeg 600w, https:\/\/vrensted-historier.dk\/wp-content\/uploads\/2018\/08\/1B5201B7-04C1-479F-86B8-D1ACEDFB9954-300x189.jpeg 300w, https:\/\/vrensted-historier.dk\/wp-content\/uploads\/2018\/08\/1B5201B7-04C1-479F-86B8-D1ACEDFB9954.jpeg 768w\" sizes=\"auto, (max-width: 709px) 85vw, (max-width: 909px) 67vw, (max-width: 984px) 61vw, (max-width: 1362px) 45vw, 600px\" \/><figcaption id=\"caption-attachment-26197\" class=\"wp-caption-text\">Foto fra \u00a01934 Villa Holmen og Kirkedammen<\/figcaption><\/figure>\n<figure id=\"attachment_26198\" aria-describedby=\"caption-attachment-26198\" style=\"width: 600px\" class=\"wp-caption alignnone\"><img loading=\"lazy\" decoding=\"async\" class=\"wp-image-26198 size-medium\" src=\"https:\/\/vrensted-historier.dk\/wp-content\/uploads\/2018\/08\/42D86182-044D-4DC9-B5B5-74F49A4EFFC2-600x369.jpeg\" alt=\"\" width=\"600\" height=\"369\" srcset=\"https:\/\/vrensted-historier.dk\/wp-content\/uploads\/2018\/08\/42D86182-044D-4DC9-B5B5-74F49A4EFFC2-600x369.jpeg 600w, https:\/\/vrensted-historier.dk\/wp-content\/uploads\/2018\/08\/42D86182-044D-4DC9-B5B5-74F49A4EFFC2-300x184.jpeg 300w, https:\/\/vrensted-historier.dk\/wp-content\/uploads\/2018\/08\/42D86182-044D-4DC9-B5B5-74F49A4EFFC2.jpeg 768w\" sizes=\"auto, (max-width: 709px) 85vw, (max-width: 909px) 67vw, (max-width: 984px) 61vw, (max-width: 1362px) 45vw, 600px\" \/><figcaption id=\"caption-attachment-26198\" class=\"wp-caption-text\">foto fra 1953 af den sydlige del af Vrensted by<\/figcaption><\/figure>\n<h6><strong><span style=\"font-size: 19px; color: #1a1a1a;\">Historien<\/span><\/strong><strong style=\"font-size: 19px; color: #1a1a1a;\"> skrevet af Elin og J\u00f8rgen Schierup ejere af den flotte villa i 2016.<\/strong><\/h6>\n<p><strong>Billeder af \u201cVilla Holmen\u201d m.m.\u00a0<\/strong><strong>smukt beliggende i en stor have i den sydlige ende af byen ved Vrensted Kirke, Sct. Th\u00f8gers kilde og Kirkedammen (ejer i 2016: l\u00e6ge J\u00f8rgen Schierup)<\/strong><\/p>\n<p><strong>Som n\u00e6vnt i omtalen af \u201cGadestedet\u201d (separat fort\u00e6lling) k\u00f8bte Lars Holmen,\u00a0<\/strong><strong>26 \u00e5r gammel som\u00a0<\/strong><strong>n\u00e6st\u00e6ldste s\u00f8n fra g\u00e5rden Holmen syd for Vrensted, i 1924 hovedparten af matriklen 84, og lod p\u00e5 ejendommen det nuv\u00e6rende store hvide hus med fremtr\u00e6dende kampestenssokkel, kvist og karnap mod Dammen opf\u00f8re.<\/strong><br \/>\n<strong>Her startede han gartneri, vistnok mest blomster, med kransebinding og andet dekorationsarbejde.<\/strong><br \/>\n<strong>Ud mod Dammen lavede han en smuk park med snoede gange omkranset af lave buksbomh\u00e6kke og blomsterbede. Til dette \u201danl\u00e6g\u201d valfartede egnens beboere for en hyggeeftermiddag, Spadsereture ad de snoede gange med den udk\u00e5rne, og n\u00e5r det gik h\u00f8jt, en rotur p\u00e5 dammen med k\u00e6resten siddende i st\u00e6vnen af den hvide rob\u00e5d!<\/strong><br \/>\n<strong>Et flot isl\u00e6t i bybilledet, som vi i dag slet ikke kan leve op til.<\/strong><br \/>\n<strong>Op mod Ingstrupvejen plantede han et lille linde lysthus, hvor han bl.a. sad og bandt buketter og kranse.<\/strong><br \/>\n<strong>I husets store k\u00e6lder havde han sit v\u00e6rksted og opbevarede remedier og plantegiftstoffer. Bl.a. husker jeg, at der p\u00e5 en hylde stod en efterladt glasflaske med 1 liter ren nicotin! Nok til at tage livet af hele Vrensteds befolkning. T\u00e6nk, hvis den faldt ned og gik i stykker!!<\/strong><br \/>\n<strong>Ud over blomster var der ogs\u00e5 en stor frugt- og b\u00e6rhave, som gav min mor og os b\u00f8rn meget sommerarbejde med plukning, syltning og saftning. Jeg husker bedst de mange ribs og solb\u00e6rbuske med bistaderne som n\u00e6rmeste nabo.<\/strong><br \/>\n<strong>Og s\u00e5 blommetr\u00e6erne, is\u00e6r Kirkes og Reine Claude var l\u00e6kre og saftige, og kunne give en god mavepine, n\u00e5r man havde siddet i tr\u00e6et en eftermiddag og smovset.<\/strong><br \/>\n<strong>Der var rigelig frugt at tage med i skole til kammeraterne.<\/strong><br \/>\n<strong>Det var i 1947 at mine for\u00e6ldre, Gitte og Peder Madsen S\u00f8rensen k\u00f8bte huset.<\/strong><br \/>\n<strong>De sidste \u00e5r havde det tjent som aft\u00e6gtshus for Lars Holmen, 1862 \u2013 1941, hans bror Ole 1864 \u2013 1939, og s\u00f8steren Christine 1868 \u2013 1945. De blev passet af en niece, Anna. Hun var blevet enke i USA med 3 sm\u00e5 b\u00f8rn og kom hjem for at passe de gamle mod at arve huset som l\u00f8n, og som ved den dav\u00e6rende ejer af Holmen, Chr Rendb\u00e6ks hj\u00e6lp solgte det til mine for\u00e6ldre. Der var lidt uenighed om prisen, men handlen gik i orden, da mine for\u00e6ldre accepterede at tage bierne med.<\/strong><br \/>\n<strong>Dem ville Rendb\u00e6k ikke beholde!!<\/strong><br \/>\n<strong>Annas b\u00f8rn Ella, Merlin og Erma voksede op her , Erma som adoptivdatter hos Chr Rendb\u00e6k. De flyttede alle tilbage til USA i voksenalderen.<\/strong><br \/>\n<strong>Som en s\u00e6rlig historie om huset kan Poul Stevns fort\u00e6lle , at da hans far provst Stevns som modstandsmand blev efters\u00f8gt af gestapo var han heldig at v\u00e6re i Hj\u00f8rring til m\u00f8de den 7 marts 45, da Gestapo ankom til pr\u00e6steg\u00e5rden. Han blev af venner omdirigeret p\u00e5 sin cykel og holdt sig i skjul rundt i sine sogne. Boede s\u00e5 en periode i skjul p\u00e5 loftet i Villa Holmen hos Anna Holmen (Michaelsen) og frk Hjortn\u00e6s.<\/strong><br \/>\n<strong>Min far ville oprette l\u00e6geklinik i huset, kraftigt tilskyndet af sin bror, S\u00f8ren J S\u00f8rensen, der havde K\u00e6rg\u00e5rd i Vrensted. De s\u00e5 et godt patientunderlag i omr\u00e5det mellem L\u00f8kken og Br\u00f8nderslev. Huset egnede sig fint til l\u00e6gepraksis med to store rum, som blev indrettet til hhv konsultation og ventev\u00e6relse med dobbeltd\u00f8re ind til privaten, hvor mor havde en stor opgave med at tysse p\u00e5 os 5 b\u00f8rn, samtidig med at hun m\u00e5tte passe telefonen, Vrensted 75, og assistere ved vanskelige konsultationer. Hvis der var brug for en god snak, den tids psykologbehandling, blev patienten inviteret ind til en kop te eller kaffe med mor, enten i stuen eller i haven.<\/strong><br \/>\n<strong>Fra vinduet i konsultationen ar der udsigt over dammen, hvilket far udnyttede til at berolige b\u00f8rnene f eks efter vaccination. Han tog dem p\u00e5 armen og viste og fortalte om svaner og \u00e6nder derude.<\/strong><br \/>\n<strong>Far havde, som det var s\u00e6dvane dengang forholdsvis kort konsultation, gerne slut til frokost og efter en kort lur tog han fat p\u00e5 de mange sygebes\u00f8g, n\u00f8dvendige p\u00e5 grund af de store afstande f eks til Vildmosen, og husm\u00e6ndenes mangel p\u00e5 motorisering. Oftest havde de blot en cykel.<\/strong><br \/>\n<strong>N\u00e6sten alle f\u00f8dsler dengang var hjemmef\u00f8dsler, og det gav mange afbr\u00e6k i den daglige, ( og natlige ! ) rytme. Ofte m\u00e5tte mor ind i ventev\u00e6relset, hvor folk jo sad og ventede uden tidsbestilling, og beklage at far var kaldt ud til f\u00f8dsel, men folk var velkomne til at vente de timer det tog, eller tage cyklen hjem igen ! Der var ingen P plads ved l\u00e6geboligen, men et forsvarligt cykelstativ !<\/strong><br \/>\n<strong>Haven \u00e6ndrede langsomt karakter, da den store produktion af gr\u00f8nsager og frugt jo ikke kunne finde afs\u00e6tning. S\u00e5 store partier blev lagt om til prydhave.<\/strong><br \/>\n<strong>Mor var gartnerdatter og havde godt blik herfor, s\u00e5 \u00e6ndringerne kom gradvist uden konsulentbistand, hvilket Elin og jeg har fortsat efter vi overtog huset i 1983.<\/strong><br \/>\n<strong>Vi synes stadig det er en herlig plet, og g\u00f8r os umage for at lade hus og have pr\u00e6sentere sig smukt i sammenh\u00e6ng med gadek\u00e6ret.<\/strong><\/p>\n<p><strong>Elin og J\u00f8rgen Schierup, august 2016<\/strong><br \/>\n<strong><a href=\"http:\/\/www.logy.dk\/facebook\/wp-content\/uploads\/2016\/07\/image-152.png\"><br \/>\n<\/a><\/strong><\/p>\n<h3><em><strong>En billedkavalkade:<\/strong><\/em><\/h3>\n<p><strong>Billeder af \u201cVilla Holmen\u201d m.m.<\/strong><\/p>\n<figure id=\"attachment_26247\" aria-describedby=\"caption-attachment-26247\" style=\"width: 393px\" class=\"wp-caption alignnone\"><img loading=\"lazy\" decoding=\"async\" class=\"size-full wp-image-26247\" src=\"https:\/\/vrensted-historier.dk\/wp-content\/uploads\/2018\/08\/176F1CA1-DA92-4249-9AA1-4C26E976B776.jpeg\" alt=\"\" width=\"393\" height=\"456\" srcset=\"https:\/\/vrensted-historier.dk\/wp-content\/uploads\/2018\/08\/176F1CA1-DA92-4249-9AA1-4C26E976B776.jpeg 393w, https:\/\/vrensted-historier.dk\/wp-content\/uploads\/2018\/08\/176F1CA1-DA92-4249-9AA1-4C26E976B776-259x300.jpeg 259w\" sizes=\"auto, (max-width: 393px) 85vw, 393px\" \/><figcaption id=\"caption-attachment-26247\" class=\"wp-caption-text\">foto 2016<\/figcaption><\/figure>\n<p><strong>Luftfoto fra 2015 af \u201cVilla Holmen\u201d, beliggende ved Kirkedammen p\u00e5 Ingstrupvej 3, Vrensted, p\u00e5 en 3846 m2 stor grund. Ejendommen er bygget i 1924 af Lars Pedersen Holmen en s\u00f8n fra g\u00e5rden Holmen \u00a0der ligger syd for Vrensted by. Han etablerede et gartneri p\u00e5 stedet. Der blev etableret en fin have, en slags anl\u00e6g. Det ser ud som om haven ogs\u00e5 blev benyttet af Vrenstedboerne n\u00e5r de gik s\u00f8ndagstur, iflg. nogle af nedenfor viste billeder.<\/strong><\/p>\n<figure id=\"attachment_26200\" aria-describedby=\"caption-attachment-26200\" style=\"width: 600px\" class=\"wp-caption alignnone\"><img loading=\"lazy\" decoding=\"async\" class=\"wp-image-26200 size-medium\" src=\"https:\/\/vrensted-historier.dk\/wp-content\/uploads\/2018\/08\/9BBCDD55-74DF-46D9-BE98-2D4408900DA3-600x404.jpeg\" alt=\"\" width=\"600\" height=\"404\" srcset=\"https:\/\/vrensted-historier.dk\/wp-content\/uploads\/2018\/08\/9BBCDD55-74DF-46D9-BE98-2D4408900DA3-600x404.jpeg 600w, https:\/\/vrensted-historier.dk\/wp-content\/uploads\/2018\/08\/9BBCDD55-74DF-46D9-BE98-2D4408900DA3-300x202.jpeg 300w, https:\/\/vrensted-historier.dk\/wp-content\/uploads\/2018\/08\/9BBCDD55-74DF-46D9-BE98-2D4408900DA3.jpeg 768w\" sizes=\"auto, (max-width: 709px) 85vw, (max-width: 909px) 67vw, (max-width: 984px) 61vw, (max-width: 1362px) 45vw, 600px\" \/><figcaption id=\"caption-attachment-26200\" class=\"wp-caption-text\">foto fra 1920-1930<\/figcaption><\/figure>\n<figure id=\"attachment_26205\" aria-describedby=\"caption-attachment-26205\" style=\"width: 600px\" class=\"wp-caption alignnone\"><img loading=\"lazy\" decoding=\"async\" class=\"wp-image-26205 size-medium\" src=\"https:\/\/vrensted-historier.dk\/wp-content\/uploads\/2018\/08\/A5798DC0-E654-4901-8D33-7A9947CE4C9C-600x376.jpeg\" alt=\"\" width=\"600\" height=\"376\" srcset=\"https:\/\/vrensted-historier.dk\/wp-content\/uploads\/2018\/08\/A5798DC0-E654-4901-8D33-7A9947CE4C9C-600x376.jpeg 600w, https:\/\/vrensted-historier.dk\/wp-content\/uploads\/2018\/08\/A5798DC0-E654-4901-8D33-7A9947CE4C9C-300x188.jpeg 300w, https:\/\/vrensted-historier.dk\/wp-content\/uploads\/2018\/08\/A5798DC0-E654-4901-8D33-7A9947CE4C9C.jpeg 768w\" sizes=\"auto, (max-width: 709px) 85vw, (max-width: 909px) 67vw, (max-width: 984px) 61vw, (max-width: 1362px) 45vw, 600px\" \/><figcaption id=\"caption-attachment-26205\" class=\"wp-caption-text\">fra haven i 1920-1930<\/figcaption><\/figure>\n<figure id=\"attachment_26206\" aria-describedby=\"caption-attachment-26206\" style=\"width: 600px\" class=\"wp-caption alignnone\"><img loading=\"lazy\" decoding=\"async\" class=\"wp-image-26206 size-medium\" src=\"https:\/\/vrensted-historier.dk\/wp-content\/uploads\/2018\/08\/31939021-03C6-4C26-8FAC-B3A1C8423AE5-600x391.jpeg\" alt=\"\" width=\"600\" height=\"391\" srcset=\"https:\/\/vrensted-historier.dk\/wp-content\/uploads\/2018\/08\/31939021-03C6-4C26-8FAC-B3A1C8423AE5-600x391.jpeg 600w, https:\/\/vrensted-historier.dk\/wp-content\/uploads\/2018\/08\/31939021-03C6-4C26-8FAC-B3A1C8423AE5-300x196.jpeg 300w, https:\/\/vrensted-historier.dk\/wp-content\/uploads\/2018\/08\/31939021-03C6-4C26-8FAC-B3A1C8423AE5.jpeg 768w\" sizes=\"auto, (max-width: 709px) 85vw, (max-width: 909px) 67vw, (max-width: 984px) 61vw, (max-width: 1362px) 45vw, 600px\" \/><figcaption id=\"caption-attachment-26206\" class=\"wp-caption-text\">Lars Holmen ca 1925 i haven<\/figcaption><\/figure>\n<figure id=\"attachment_26203\" aria-describedby=\"caption-attachment-26203\" style=\"width: 489px\" class=\"wp-caption alignnone\"><img loading=\"lazy\" decoding=\"async\" class=\"wp-image-26203 size-medium\" src=\"https:\/\/vrensted-historier.dk\/wp-content\/uploads\/2018\/08\/38760DB6-6489-430F-88D5-4B7328BB2D24-489x600.jpeg\" alt=\"\" width=\"489\" height=\"600\" srcset=\"https:\/\/vrensted-historier.dk\/wp-content\/uploads\/2018\/08\/38760DB6-6489-430F-88D5-4B7328BB2D24-489x600.jpeg 489w, https:\/\/vrensted-historier.dk\/wp-content\/uploads\/2018\/08\/38760DB6-6489-430F-88D5-4B7328BB2D24-244x300.jpeg 244w, https:\/\/vrensted-historier.dk\/wp-content\/uploads\/2018\/08\/38760DB6-6489-430F-88D5-4B7328BB2D24.jpeg 768w\" sizes=\"auto, (max-width: 489px) 85vw, 489px\" \/><figcaption id=\"caption-attachment-26203\" class=\"wp-caption-text\">foto fra haven ca. 1930<\/figcaption><\/figure>\n<figure id=\"attachment_26209\" aria-describedby=\"caption-attachment-26209\" style=\"width: 600px\" class=\"wp-caption alignnone\"><img loading=\"lazy\" decoding=\"async\" class=\"wp-image-26209 size-medium\" src=\"https:\/\/vrensted-historier.dk\/wp-content\/uploads\/2018\/08\/9E6DA895-680C-43D7-9827-1F5A03B0B826-600x384.jpeg\" alt=\"\" width=\"600\" height=\"384\" srcset=\"https:\/\/vrensted-historier.dk\/wp-content\/uploads\/2018\/08\/9E6DA895-680C-43D7-9827-1F5A03B0B826-600x384.jpeg 600w, https:\/\/vrensted-historier.dk\/wp-content\/uploads\/2018\/08\/9E6DA895-680C-43D7-9827-1F5A03B0B826-300x192.jpeg 300w, https:\/\/vrensted-historier.dk\/wp-content\/uploads\/2018\/08\/9E6DA895-680C-43D7-9827-1F5A03B0B826.jpeg 768w\" sizes=\"auto, (max-width: 709px) 85vw, (max-width: 909px) 67vw, (max-width: 984px) 61vw, (max-width: 1362px) 45vw, 600px\" \/><figcaption id=\"caption-attachment-26209\" class=\"wp-caption-text\">foto fra haven ca. 1920<\/figcaption><\/figure>\n<figure id=\"attachment_26211\" aria-describedby=\"caption-attachment-26211\" style=\"width: 600px\" class=\"wp-caption alignnone\"><img loading=\"lazy\" decoding=\"async\" class=\"wp-image-26211 size-medium\" src=\"https:\/\/vrensted-historier.dk\/wp-content\/uploads\/2018\/08\/DED19E06-EC78-4B4B-B8D4-532C4CD07B91-600x386.jpeg\" alt=\"\" width=\"600\" height=\"386\" srcset=\"https:\/\/vrensted-historier.dk\/wp-content\/uploads\/2018\/08\/DED19E06-EC78-4B4B-B8D4-532C4CD07B91-600x386.jpeg 600w, https:\/\/vrensted-historier.dk\/wp-content\/uploads\/2018\/08\/DED19E06-EC78-4B4B-B8D4-532C4CD07B91-300x193.jpeg 300w, https:\/\/vrensted-historier.dk\/wp-content\/uploads\/2018\/08\/DED19E06-EC78-4B4B-B8D4-532C4CD07B91.jpeg 768w\" sizes=\"auto, (max-width: 709px) 85vw, (max-width: 909px) 67vw, (max-width: 984px) 61vw, (max-width: 1362px) 45vw, 600px\" \/><figcaption id=\"caption-attachment-26211\" class=\"wp-caption-text\">Lars Holmen ca. 1925<\/figcaption><\/figure>\n<figure id=\"attachment_26213\" aria-describedby=\"caption-attachment-26213\" style=\"width: 600px\" class=\"wp-caption alignnone\"><img loading=\"lazy\" decoding=\"async\" class=\"wp-image-26213 size-medium\" src=\"https:\/\/vrensted-historier.dk\/wp-content\/uploads\/2018\/08\/A28623F3-E96D-4E82-BE12-14E0DFD1DC42-600x364.jpeg\" alt=\"\" width=\"600\" height=\"364\" srcset=\"https:\/\/vrensted-historier.dk\/wp-content\/uploads\/2018\/08\/A28623F3-E96D-4E82-BE12-14E0DFD1DC42-600x364.jpeg 600w, https:\/\/vrensted-historier.dk\/wp-content\/uploads\/2018\/08\/A28623F3-E96D-4E82-BE12-14E0DFD1DC42-300x182.jpeg 300w, https:\/\/vrensted-historier.dk\/wp-content\/uploads\/2018\/08\/A28623F3-E96D-4E82-BE12-14E0DFD1DC42.jpeg 768w\" sizes=\"auto, (max-width: 709px) 85vw, (max-width: 909px) 67vw, (max-width: 984px) 61vw, (max-width: 1362px) 45vw, 600px\" \/><figcaption id=\"caption-attachment-26213\" class=\"wp-caption-text\">foto ca. 1930 Kirkedammen, Kirken og Villa Holmen og t.h. \u00d8rnholms T\u00e5rnurfabrik<\/figcaption><\/figure>\n<figure id=\"attachment_26220\" aria-describedby=\"caption-attachment-26220\" style=\"width: 600px\" class=\"wp-caption alignnone\"><img loading=\"lazy\" decoding=\"async\" class=\"wp-image-26215 size-medium\" src=\"https:\/\/vrensted-historier.dk\/wp-content\/uploads\/2018\/08\/0FC01D83-CAE6-4735-8527-489245C6F854-600x345.jpeg\" alt=\"\" width=\"600\" height=\"345\" srcset=\"https:\/\/vrensted-historier.dk\/wp-content\/uploads\/2018\/08\/0FC01D83-CAE6-4735-8527-489245C6F854-600x345.jpeg 600w, https:\/\/vrensted-historier.dk\/wp-content\/uploads\/2018\/08\/0FC01D83-CAE6-4735-8527-489245C6F854-300x173.jpeg 300w, https:\/\/vrensted-historier.dk\/wp-content\/uploads\/2018\/08\/0FC01D83-CAE6-4735-8527-489245C6F854.jpeg 768w\" sizes=\"auto, (max-width: 709px) 85vw, (max-width: 909px) 67vw, (max-width: 984px) 61vw, (max-width: 1362px) 45vw, 600px\" \/><figcaption id=\"caption-attachment-26220\" class=\"wp-caption-text\">Lars Holmen har bes\u00f8g i sin have ca. 1930<\/figcaption><\/figure>\n<figure id=\"attachment_26231\" aria-describedby=\"caption-attachment-26231\" style=\"width: 600px\" class=\"wp-caption alignnone\"><img loading=\"lazy\" decoding=\"async\" class=\"wp-image-26231 size-medium\" src=\"https:\/\/vrensted-historier.dk\/wp-content\/uploads\/2018\/08\/437216A4-45C6-4563-9917-FB64C100AB03-600x388.jpeg\" alt=\"\" width=\"600\" height=\"388\" srcset=\"https:\/\/vrensted-historier.dk\/wp-content\/uploads\/2018\/08\/437216A4-45C6-4563-9917-FB64C100AB03-600x388.jpeg 600w, https:\/\/vrensted-historier.dk\/wp-content\/uploads\/2018\/08\/437216A4-45C6-4563-9917-FB64C100AB03-300x194.jpeg 300w, https:\/\/vrensted-historier.dk\/wp-content\/uploads\/2018\/08\/437216A4-45C6-4563-9917-FB64C100AB03.jpeg 768w\" sizes=\"auto, (max-width: 709px) 85vw, (max-width: 909px) 67vw, (max-width: 984px) 61vw, (max-width: 1362px) 45vw, 600px\" \/><figcaption id=\"caption-attachment-26231\" class=\"wp-caption-text\">Vrensted borgere der promenerer ved det fine haveanl\u00e6g ved Kirkedammen ca. 1900<\/figcaption><\/figure>\n<figure id=\"attachment_26243\" aria-describedby=\"caption-attachment-26243\" style=\"width: 285px\" class=\"wp-caption alignnone\"><img loading=\"lazy\" decoding=\"async\" class=\"wp-image-26243 size-full\" src=\"https:\/\/vrensted-historier.dk\/wp-content\/uploads\/2018\/08\/7EAECC77-AF40-4878-95F1-2B28B6F5B9F6.jpeg\" alt=\"\" width=\"285\" height=\"377\" srcset=\"https:\/\/vrensted-historier.dk\/wp-content\/uploads\/2018\/08\/7EAECC77-AF40-4878-95F1-2B28B6F5B9F6.jpeg 285w, https:\/\/vrensted-historier.dk\/wp-content\/uploads\/2018\/08\/7EAECC77-AF40-4878-95F1-2B28B6F5B9F6-227x300.jpeg 227w\" sizes=\"auto, (max-width: 285px) 85vw, 285px\" \/><figcaption id=\"caption-attachment-26243\" class=\"wp-caption-text\">Lars Holmen foto 1888<\/figcaption><\/figure>\n<\/div>\n<p><strong>Lars Pedersen Holmen var f\u00f8dt p\u00e5 g\u00e5rden Holmen i Vrensted, nedenfor hans anetavler.<\/strong><\/p>\n<div class=\"entry-content\">\n<p><img loading=\"lazy\" decoding=\"async\" class=\"alignnone size-full wp-image-26237\" src=\"https:\/\/vrensted-historier.dk\/wp-content\/uploads\/2018\/08\/1E071F4F-3578-44B3-8C6D-E6137F9BA38B.jpeg\" alt=\"\" width=\"597\" height=\"541\" srcset=\"https:\/\/vrensted-historier.dk\/wp-content\/uploads\/2018\/08\/1E071F4F-3578-44B3-8C6D-E6137F9BA38B.jpeg 597w, https:\/\/vrensted-historier.dk\/wp-content\/uploads\/2018\/08\/1E071F4F-3578-44B3-8C6D-E6137F9BA38B-300x272.jpeg 300w\" sizes=\"auto, (max-width: 597px) 85vw, 597px\" \/><strong>Lars Pedersen Holmen var ugift iflg. anetavlen. <\/strong><\/p>\n<p><strong>En bror overtog Holmen efter for\u00e6ldrene.<\/strong><\/p>\n<ul>\n<li><strong><a href=\"http:\/\/logy.dk\/facebook\/holmen-en-af-de-stoerre-gaarde-i-vrensted-billeder\/\">Holmen \u2013 en af de st\u00f8rre g\u00e5rde i Vrensted<\/a><\/strong><\/li>\n<\/ul>\n<\/div>\n<p>&nbsp;<\/p>\n","protected":false},"excerpt":{"rendered":"<p>\u201cVilla Holmen\u201dL\u00e6geboligen, Ingstrupvej. 3, Vrensted, matr 84 c, den flotte hvide villa beliggende ved Kirkedammen og kirken blev opf\u00f8rt af Lars Pedersen Holmen i 1924. foto fra 2016 Historien skrevet af Elin og J\u00f8rgen Schierup ejere af den flotte villa i 2016. Billeder af \u201cVilla Holmen\u201d m.m.\u00a0smukt beliggende i en stor have i den sydlige &hellip; <a href=\"https:\/\/vrensted-historier.dk\/?p=321\" class=\"more-link\">L\u00e6s videre<span class=\"screen-reader-text\"> &#8220;Villa Holmen,  syd for kirken i Vrensted&#8221;<\/span><\/a><\/p>\n","protected":false},"author":1,"featured_media":0,"comment_status":"open","ping_status":"open","sticky":false,"template":"","format":"standard","meta":{"footnotes":""},"categories":[6],"tags":[],"class_list":["post-321","post","type-post","status-publish","format-standard","hentry","category-vrensted-historier"],"_links":{"self":[{"href":"https:\/\/vrensted-historier.dk\/index.php?rest_route=\/wp\/v2\/posts\/321","targetHints":{"allow":["GET"]}}],"collection":[{"href":"https:\/\/vrensted-historier.dk\/index.php?rest_route=\/wp\/v2\/posts"}],"about":[{"href":"https:\/\/vrensted-historier.dk\/index.php?rest_route=\/wp\/v2\/types\/post"}],"author":[{"embeddable":true,"href":"https:\/\/vrensted-historier.dk\/index.php?rest_route=\/wp\/v2\/users\/1"}],"replies":[{"embeddable":true,"href":"https:\/\/vrensted-historier.dk\/index.php?rest_route=%2Fwp%2Fv2%2Fcomments&post=321"}],"version-history":[{"count":50,"href":"https:\/\/vrensted-historier.dk\/index.php?rest_route=\/wp\/v2\/posts\/321\/revisions"}],"predecessor-version":[{"id":26268,"href":"https:\/\/vrensted-historier.dk\/index.php?rest_route=\/wp\/v2\/posts\/321\/revisions\/26268"}],"wp:attachment":[{"href":"https:\/\/vrensted-historier.dk\/index.php?rest_route=%2Fwp%2Fv2%2Fmedia&parent=321"}],"wp:term":[{"taxonomy":"category","embeddable":true,"href":"https:\/\/vrensted-historier.dk\/index.php?rest_route=%2Fwp%2Fv2%2Fcategories&post=321"},{"taxonomy":"post_tag","embeddable":true,"href":"https:\/\/vrensted-historier.dk\/index.php?rest_route=%2Fwp%2Fv2%2Ftags&post=321"}],"curies":[{"name":"wp","href":"https:\/\/api.w.org\/{rel}","templated":true}]}}