{"id":317,"date":"2018-08-04T19:56:00","date_gmt":"2018-08-04T19:56:00","guid":{"rendered":"http:\/\/vrensted-historier.dk\/?p=317"},"modified":"2023-03-22T00:29:59","modified_gmt":"2023-03-21T23:29:59","slug":"vrensted-alderdomshjem","status":"publish","type":"post","link":"https:\/\/vrensted-historier.dk\/?p=317","title":{"rendered":"Vrensted Alderdomshjem 1959-1990"},"content":{"rendered":"<header><strong><span style=\"color: #000000;\"><span style=\"font-family: Arial;\"><span style=\"font-size: x-large;\">Alderdomshjemmet i Vrensted lukket:<\/span><\/span><\/span><\/strong><\/header>\n<header><\/header>\n<header><\/header>\n<header><\/header>\n<header><\/header>\n<header><\/header>\n<header><\/header>\n<header>\n<figure id=\"attachment_41763\" aria-describedby=\"caption-attachment-41763\" style=\"width: 600px\" class=\"wp-caption alignnone\"><img loading=\"lazy\" decoding=\"async\" class=\"size-medium wp-image-41763\" src=\"https:\/\/vrensted-historier.dk\/wp-content\/uploads\/2022\/10\/2-2-600x384.jpg\" alt=\"\" width=\"600\" height=\"384\" srcset=\"https:\/\/vrensted-historier.dk\/wp-content\/uploads\/2022\/10\/2-2-600x384.jpg 600w, https:\/\/vrensted-historier.dk\/wp-content\/uploads\/2022\/10\/2-2-300x192.jpg 300w, https:\/\/vrensted-historier.dk\/wp-content\/uploads\/2022\/10\/2-2-768x491.jpg 768w, https:\/\/vrensted-historier.dk\/wp-content\/uploads\/2022\/10\/2-2.jpg 913w\" sizes=\"auto, (max-width: 709px) 85vw, (max-width: 909px) 67vw, (max-width: 984px) 61vw, (max-width: 1362px) 45vw, 600px\" \/><figcaption id=\"caption-attachment-41763\" class=\"wp-caption-text\">Alderdomshjemmet ligger mellem skolen nord for og syd for Ane Maries Hus og kirken<\/figcaption><\/figure>\n<\/header>\n<header><\/header>\n<header><\/header>\n<header><\/header>\n<header><\/header>\n<header><\/header>\n<header><\/header>\n<header><\/header>\n<header><\/header>\n<header><\/header>\n<header><img loading=\"lazy\" decoding=\"async\" class=\"alignnone size-medium wp-image-30107\" src=\"https:\/\/vrensted-historier.dk\/wp-content\/uploads\/2018\/08\/CAC5834F-6D54-4AB9-A354-188A401EE7C5-600x575.jpeg\" alt=\"\" width=\"600\" height=\"575\" srcset=\"https:\/\/vrensted-historier.dk\/wp-content\/uploads\/2018\/08\/CAC5834F-6D54-4AB9-A354-188A401EE7C5-600x575.jpeg 600w, https:\/\/vrensted-historier.dk\/wp-content\/uploads\/2018\/08\/CAC5834F-6D54-4AB9-A354-188A401EE7C5-300x287.jpeg 300w, https:\/\/vrensted-historier.dk\/wp-content\/uploads\/2018\/08\/CAC5834F-6D54-4AB9-A354-188A401EE7C5-768x736.jpeg 768w, https:\/\/vrensted-historier.dk\/wp-content\/uploads\/2018\/08\/CAC5834F-6D54-4AB9-A354-188A401EE7C5-1200x1149.jpeg 1200w, https:\/\/vrensted-historier.dk\/wp-content\/uploads\/2018\/08\/CAC5834F-6D54-4AB9-A354-188A401EE7C5.jpeg 1253w\" sizes=\"auto, (max-width: 709px) 85vw, (max-width: 909px) 67vw, (max-width: 984px) 61vw, (max-width: 1362px) 45vw, 600px\" \/><\/header>\n<header><\/header>\n<h3>Vrensted fik nyt alderdomshjem i 1958<\/h3>\n<h5><strong><span style=\"color: #333333;\"><span style=\"font-family: Tahoma, sans-serif;\"><span style=\"font-size: x-large;\"><b>Det var et godt sted for gamle mennesker at v\u00e6re. Martha og Vagner Larsen blev bestyrerpar fra starten og Martha blev der til det blev nedlagt som alderdomshjem\/plejehjem<\/b><\/span><\/span><\/span><\/strong><\/h5>\n<h5><img loading=\"lazy\" decoding=\"async\" class=\"alignright size-medium wp-image-43659\" src=\"https:\/\/vrensted-historier.dk\/wp-content\/uploads\/2018\/08\/BAD46F30-01B5-40BD-96A0-5EF4DCC897FA-414x600.jpeg\" alt=\"\" width=\"414\" height=\"600\" srcset=\"https:\/\/vrensted-historier.dk\/wp-content\/uploads\/2018\/08\/BAD46F30-01B5-40BD-96A0-5EF4DCC897FA-414x600.jpeg 414w, https:\/\/vrensted-historier.dk\/wp-content\/uploads\/2018\/08\/BAD46F30-01B5-40BD-96A0-5EF4DCC897FA-1035x1500.jpeg 1035w, https:\/\/vrensted-historier.dk\/wp-content\/uploads\/2018\/08\/BAD46F30-01B5-40BD-96A0-5EF4DCC897FA-207x300.jpeg 207w, https:\/\/vrensted-historier.dk\/wp-content\/uploads\/2018\/08\/BAD46F30-01B5-40BD-96A0-5EF4DCC897FA-768x1113.jpeg 768w, https:\/\/vrensted-historier.dk\/wp-content\/uploads\/2018\/08\/BAD46F30-01B5-40BD-96A0-5EF4DCC897FA-1060x1536.jpeg 1060w, https:\/\/vrensted-historier.dk\/wp-content\/uploads\/2018\/08\/BAD46F30-01B5-40BD-96A0-5EF4DCC897FA-1413x2048.jpeg 1413w, https:\/\/vrensted-historier.dk\/wp-content\/uploads\/2018\/08\/BAD46F30-01B5-40BD-96A0-5EF4DCC897FA-1200x1740.jpeg 1200w, https:\/\/vrensted-historier.dk\/wp-content\/uploads\/2018\/08\/BAD46F30-01B5-40BD-96A0-5EF4DCC897FA.jpeg 1510w\" sizes=\"auto, (max-width: 414px) 85vw, 414px\" \/> <img loading=\"lazy\" decoding=\"async\" class=\"alignright size-medium wp-image-43660\" src=\"https:\/\/vrensted-historier.dk\/wp-content\/uploads\/2018\/08\/804E80C2-67CF-4B7A-B240-89424F835661-600x559.jpeg\" alt=\"\" width=\"600\" height=\"559\" srcset=\"https:\/\/vrensted-historier.dk\/wp-content\/uploads\/2018\/08\/804E80C2-67CF-4B7A-B240-89424F835661-600x559.jpeg 600w, https:\/\/vrensted-historier.dk\/wp-content\/uploads\/2018\/08\/804E80C2-67CF-4B7A-B240-89424F835661-1500x1398.jpeg 1500w, https:\/\/vrensted-historier.dk\/wp-content\/uploads\/2018\/08\/804E80C2-67CF-4B7A-B240-89424F835661-300x280.jpeg 300w, https:\/\/vrensted-historier.dk\/wp-content\/uploads\/2018\/08\/804E80C2-67CF-4B7A-B240-89424F835661-768x716.jpeg 768w, https:\/\/vrensted-historier.dk\/wp-content\/uploads\/2018\/08\/804E80C2-67CF-4B7A-B240-89424F835661-1536x1431.jpeg 1536w, https:\/\/vrensted-historier.dk\/wp-content\/uploads\/2018\/08\/804E80C2-67CF-4B7A-B240-89424F835661-1200x1118.jpeg 1200w, https:\/\/vrensted-historier.dk\/wp-content\/uploads\/2018\/08\/804E80C2-67CF-4B7A-B240-89424F835661.jpeg 1837w\" sizes=\"auto, (max-width: 709px) 85vw, (max-width: 909px) 67vw, (max-width: 984px) 61vw, (max-width: 1362px) 45vw, 600px\" \/><\/h5>\n<header><\/header>\n<header><\/header>\n<header><\/header>\n<header><\/header>\n<header><\/header>\n<header><\/header>\n<header><\/header>\n<header><\/header>\n<header><\/header>\n<header><\/header>\n<header><\/header>\n<header><\/header>\n<header><\/header>\n<header><\/header>\n<header><\/header>\n<header><\/header>\n<header><\/header>\n<header><\/header>\n<header><\/header>\n<header><\/header>\n<header><\/header>\n<header><\/header>\n<header><\/header>\n<header><\/header>\n<header><\/header>\n<header class=\"entry-header\"><strong><span style=\"color: #333333;\"><span style=\"font-family: Tahoma, sans-serif;\"><span style=\"font-size: x-large;\"><b>Det blev utidssvarende og blev nedlagt i 1990, men den flotte bygning st\u00e5r endnu. <\/b><\/span><\/span><\/span><\/strong><\/header>\n<header><\/header>\n<header class=\"entry-header\"><strong><span style=\"color: #333333;\"><span style=\"font-family: Tahoma, sans-serif;\"><span style=\"font-size: x-large;\"><b>Har v\u00e6ret anvendt til vandrerhjem i en periode, men st\u00e5r nu desv\u00e6rre tom.<\/b><\/span><\/span><\/span><\/strong><\/header>\n<header><\/header>\n<header><\/header>\n<header><\/header>\n<header><\/header>\n<header><\/header>\n<header><\/header>\n<header><\/header>\n<header><\/header>\n<header><\/header>\n<header>Det var et godt sted at v\u00e6re for de \u00e6ldre beboere<\/header>\n<header>her er nogle billeder fra 1960 hvor man ser at beboerne hygger sig med et godt, solidt og hj\u00e6lpsomt personale.<\/header>\n<div class=\"entry-content\">\n<p><img loading=\"lazy\" decoding=\"async\" class=\"size-medium wp-image-41785 alignnone\" src=\"https:\/\/vrensted-historier.dk\/wp-content\/uploads\/2018\/08\/DB58C9C1-3290-4901-B675-3522F7B9AA69-600x590.jpeg\" alt=\"\" width=\"600\" height=\"590\" srcset=\"https:\/\/vrensted-historier.dk\/wp-content\/uploads\/2018\/08\/DB58C9C1-3290-4901-B675-3522F7B9AA69-600x590.jpeg 600w, https:\/\/vrensted-historier.dk\/wp-content\/uploads\/2018\/08\/DB58C9C1-3290-4901-B675-3522F7B9AA69-300x295.jpeg 300w, https:\/\/vrensted-historier.dk\/wp-content\/uploads\/2018\/08\/DB58C9C1-3290-4901-B675-3522F7B9AA69-768x755.jpeg 768w, https:\/\/vrensted-historier.dk\/wp-content\/uploads\/2018\/08\/DB58C9C1-3290-4901-B675-3522F7B9AA69.jpeg 1200w\" sizes=\"auto, (max-width: 709px) 85vw, (max-width: 909px) 67vw, (max-width: 984px) 61vw, (max-width: 1362px) 45vw, 600px\" \/><\/p>\n<p><span style=\"color: #000000;\"><span style=\"font-family: Arial;\"><span style=\"font-size: x-large;\"><i><b>De sidste beboere er flyttet<\/b><\/i><\/span><\/span><\/span><\/p>\n<p><span style=\"color: #000000;\"><span style=\"font-family: Arial;\"><span style=\"font-size: x-large;\"><i><b>Den oficielle beslutning omkring nedlukning f\u00f8lger herunder:<\/b><\/i><\/span><\/span><\/span><\/p>\n<p><span style=\"color: #6a5e00;\"><span style=\"font-family: Arial;\"><span style=\"font-size: medium;\"><i>Kilde VT. 1. APRIL 1990<\/i><\/span><\/span><\/span><\/p>\n<p><span style=\"font-size: large; font-family: Tahoma, sans-serif; color: #000000;\">S\u00e5 er det slut med den daglige drift af alderdomshjemmet i Vrensted. Her op til weekenden st\u00e5r hjemmet tomt. De sidste portioner mad er blevet lavet i k\u00f8kkenet, og de sidste, f\u00e5 beboere er udflyttet.<\/span><\/p>\n<p><span style=\"color: #000000;\"><span style=\"font-family: Tahoma, sans-serif;\"><span style=\"font-size: large;\">Dermed er et kapitel i Vrensteds historie sluttet. Beslutningen om lukningen af alderdomshjemmet blev i princippet truffet allerede for en del \u00e5r siden, men i realiteten skete det f\u00f8rst efter en langvarig debat i kommunalbestyrelsen i november 1988<\/span><\/span><\/span><\/p>\n<p><span style=\"color: #000000;\"><span style=\"font-family: Tahoma, sans-serif;\"><span style=\"font-size: large;\">Ikke alle i kommunalbestyrelsen var enige i beslutningen, som dog blev gennemf\u00f8rt med et massivt flertal. Der blev aftalt en afviklingstid over godt et \u00e5rs tid for hjemmet, men nu er det alts\u00e5 slut. P\u00e5 det seneste, var der kun enkelte beboere, som der blev lavet mad til p\u00e5 selve hjemmet, foruden levering af mad til beboerne i Ane Maries hus samt en enkelt, hjemmeboende pensionist.<\/span><\/span><\/span><\/p>\n<p><a name=\"docs-internal-guid-16efa362-7fff-8233-cf00-f947e4311e4a\"><\/a> <span style=\"color: #000000;\"><span style=\"font-family: Tahoma, sans-serif;\"><span style=\"font-size: large;\">Som den officielle beslutning om nedl\u00e6gningen af hjemmet ikke kom til at foreg\u00e5 uden sv\u00e6rdslag, s\u00e5 har der p\u00e5 det seneste lydt lokale r\u00f8ster for at bevare alderdomshjemmet. Det var lige efter \u00e5rsskiftet, da den lokale Venstre-v\u00e6lgerforening med formanden. amtsr\u00e5dsmedlem Niels \u00d8stergaard i spidsen kr\u00e6vede en genvurdering af beslutningen i den nye kommunalbestyrelse.<\/span><\/span><\/span><\/p>\n<p><a name=\"docs-internal-guid-f75705d0-7fff-f37d-91d3-1fa2d9ce7357\"><\/a> <span style=\"color: #000000;\"><span style=\"font-family: Tahoma, sans-serif;\"><span style=\"font-size: large;\">Men det kom ikke til en ny debat. Beslutningen var uigenkaldelig. hed det, mens en vred Niels \u00d8stergaard talte med store bogstaver og fastslog, at \u00bbsystemet havde taget magten over mennesket\u00ab. Vore \u00e6ldre kan og vil hellere klare sig med mindre flotte installationer og s\u00e5 blive i deres hjemby, hed det blandt andet.<\/span><\/span><\/span><\/p>\n<p><span style=\"color: #000000;\"><span style=\"font-family: Tahoma, sans-serif;\"><span style=\"font-size: large;\">Nedl\u00e6ggelsen blev i sin tid besluttet, fordi man fandt, at det ville blive for dyrt at foretage en r\u00e6kke bygningsm\u00e6ssige \u00e6ndringer med nye installationer, bl.a. elevator. Efter luknings-beslutningen nedsattes et udvalg af Vrenstedborgere, som siden har arbejdet med forskellige planer for den fremtidige benyttelse af hjemmet, der blev opfort i den dav\u00e6rende Vrensted-Thise Kommunes tid.<\/span><\/span><\/span><\/p>\n<p><span style=\"color: #000000;\"><span style=\"font-family: Arial;\"><span style=\"font-size: large;\">kilde. VT 10.03.1993<\/span><\/span><\/span><\/p>\n<p><strong>Klik p\u00e5 billeder og artikler for at forst\u00f8rre<\/strong><\/p>\n<p><img loading=\"lazy\" decoding=\"async\" class=\"alignnone size-full wp-image-10212\" src=\"https:\/\/vrensted-historier.dk\/wp-content\/uploads\/2018\/08\/E9728752-282E-43CF-AE8D-07E3DC63415A.jpeg\" alt=\"\" width=\"754\" height=\"1024\" srcset=\"https:\/\/vrensted-historier.dk\/wp-content\/uploads\/2018\/08\/E9728752-282E-43CF-AE8D-07E3DC63415A.jpeg 754w, https:\/\/vrensted-historier.dk\/wp-content\/uploads\/2018\/08\/E9728752-282E-43CF-AE8D-07E3DC63415A-221x300.jpeg 221w, https:\/\/vrensted-historier.dk\/wp-content\/uploads\/2018\/08\/E9728752-282E-43CF-AE8D-07E3DC63415A-442x600.jpeg 442w\" sizes=\"auto, (max-width: 709px) 85vw, (max-width: 909px) 67vw, (max-width: 984px) 61vw, (max-width: 1362px) 45vw, 600px\" \/><\/p>\n<p><img loading=\"lazy\" decoding=\"async\" class=\"alignnone size-full wp-image-10214\" src=\"https:\/\/vrensted-historier.dk\/wp-content\/uploads\/2018\/08\/9B8D550B-EDE4-4001-8C7F-88633A9B7987.jpeg\" alt=\"\" width=\"768\" height=\"761\" srcset=\"https:\/\/vrensted-historier.dk\/wp-content\/uploads\/2018\/08\/9B8D550B-EDE4-4001-8C7F-88633A9B7987.jpeg 768w, https:\/\/vrensted-historier.dk\/wp-content\/uploads\/2018\/08\/9B8D550B-EDE4-4001-8C7F-88633A9B7987-300x297.jpeg 300w, https:\/\/vrensted-historier.dk\/wp-content\/uploads\/2018\/08\/9B8D550B-EDE4-4001-8C7F-88633A9B7987-600x595.jpeg 600w\" sizes=\"auto, (max-width: 709px) 85vw, (max-width: 909px) 67vw, (max-width: 984px) 61vw, (max-width: 1362px) 45vw, 600px\" \/><strong style=\"font-size: 0.8125rem;\">Det gamle Alderdomshjem blevi 1992 solgt \u00a0af Kommunen til 10 Vrensted Foreninger der etablerede Vrensted Aktivitets og FritidsCenter med vandrerhjem m.m., men blev senere solgt og der er her i 2018 ingen aktiviteter i huset<\/strong><\/p>\n<p>&nbsp;<\/p>\n<p>&nbsp;<\/p>\n<\/div>\n","protected":false},"excerpt":{"rendered":"<p>Alderdomshjemmet i Vrensted lukket: Vrensted fik nyt alderdomshjem i 1958 Det var et godt sted for gamle mennesker at v\u00e6re. Martha og Vagner Larsen blev bestyrerpar fra starten og Martha blev der til det blev nedlagt som alderdomshjem\/plejehjem Det blev utidssvarende og blev nedlagt i 1990, men den flotte bygning st\u00e5r endnu. Har v\u00e6ret anvendt &hellip; <a href=\"https:\/\/vrensted-historier.dk\/?p=317\" class=\"more-link\">L\u00e6s videre<span class=\"screen-reader-text\"> &#8220;Vrensted Alderdomshjem 1959-1990&#8221;<\/span><\/a><\/p>\n","protected":false},"author":1,"featured_media":6329,"comment_status":"open","ping_status":"open","sticky":false,"template":"","format":"standard","meta":{"footnotes":""},"categories":[6],"tags":[],"class_list":["post-317","post","type-post","status-publish","format-standard","has-post-thumbnail","hentry","category-vrensted-historier"],"_links":{"self":[{"href":"https:\/\/vrensted-historier.dk\/index.php?rest_route=\/wp\/v2\/posts\/317","targetHints":{"allow":["GET"]}}],"collection":[{"href":"https:\/\/vrensted-historier.dk\/index.php?rest_route=\/wp\/v2\/posts"}],"about":[{"href":"https:\/\/vrensted-historier.dk\/index.php?rest_route=\/wp\/v2\/types\/post"}],"author":[{"embeddable":true,"href":"https:\/\/vrensted-historier.dk\/index.php?rest_route=\/wp\/v2\/users\/1"}],"replies":[{"embeddable":true,"href":"https:\/\/vrensted-historier.dk\/index.php?rest_route=%2Fwp%2Fv2%2Fcomments&post=317"}],"version-history":[{"count":26,"href":"https:\/\/vrensted-historier.dk\/index.php?rest_route=\/wp\/v2\/posts\/317\/revisions"}],"predecessor-version":[{"id":43662,"href":"https:\/\/vrensted-historier.dk\/index.php?rest_route=\/wp\/v2\/posts\/317\/revisions\/43662"}],"wp:featuredmedia":[{"embeddable":true,"href":"https:\/\/vrensted-historier.dk\/index.php?rest_route=\/wp\/v2\/media\/6329"}],"wp:attachment":[{"href":"https:\/\/vrensted-historier.dk\/index.php?rest_route=%2Fwp%2Fv2%2Fmedia&parent=317"}],"wp:term":[{"taxonomy":"category","embeddable":true,"href":"https:\/\/vrensted-historier.dk\/index.php?rest_route=%2Fwp%2Fv2%2Fcategories&post=317"},{"taxonomy":"post_tag","embeddable":true,"href":"https:\/\/vrensted-historier.dk\/index.php?rest_route=%2Fwp%2Fv2%2Ftags&post=317"}],"curies":[{"name":"wp","href":"https:\/\/api.w.org\/{rel}","templated":true}]}}