{"id":2948,"date":"2018-09-03T21:04:53","date_gmt":"2018-09-03T21:04:53","guid":{"rendered":"https:\/\/vrensted-historier.dk\/?p=2948"},"modified":"2019-05-10T08:07:30","modified_gmt":"2019-05-10T08:07:30","slug":"de-moedtes-50-aar-efter-de-blev-konfirmeret","status":"publish","type":"post","link":"https:\/\/vrensted-historier.dk\/?p=2948","title":{"rendered":"De m\u00f8dtes 50 \u00e5r efter de blev konfirmeret"},"content":{"rendered":"<p>&nbsp;<\/p>\n<p><img loading=\"lazy\" decoding=\"async\" class=\"alignnone size-full wp-image-9987\" src=\"https:\/\/vrensted-historier.dk\/wp-content\/uploads\/2018\/09\/35C2C7BC-3A29-48FF-9995-81D42C2F8673.jpeg\" alt=\"\" width=\"768\" height=\"460\" srcset=\"https:\/\/vrensted-historier.dk\/wp-content\/uploads\/2018\/09\/35C2C7BC-3A29-48FF-9995-81D42C2F8673.jpeg 768w, https:\/\/vrensted-historier.dk\/wp-content\/uploads\/2018\/09\/35C2C7BC-3A29-48FF-9995-81D42C2F8673-300x180.jpeg 300w, https:\/\/vrensted-historier.dk\/wp-content\/uploads\/2018\/09\/35C2C7BC-3A29-48FF-9995-81D42C2F8673-600x359.jpeg 600w\" sizes=\"auto, (max-width: 709px) 85vw, (max-width: 909px) 67vw, (max-width: 984px) 61vw, (max-width: 1362px) 45vw, 600px\" \/><\/p>\n<p>&nbsp;<\/p>\n<p>Bagerst fra venstre B\u00f8rge Hyldg\u00e5rd, Frank S\u00f8rensen, Svend Nielsen, Per Ulrick, og Ole B\u00e6kg\u00e5rd. Forrest fra venstre Tove Westergaard, Eva Pallesen, Karen Margrethe N\u00f8rg\u00e5rd (Jensen), Lisbeth Christensen (Hansen), Signe Pilg\u00e5rd, og Else Stave ( Pedersen). Foto: Privatfoto<\/p>\n<p>&nbsp;<\/p>\n<p>30.04.2018 L\u00f8kken Folkeblad<br \/>\nKlassekammerater fra \u00e5rgang 1961-68 p\u00e5 Vrensted Skole var samlet til \u201cguldkonfirmation\u201d<\/p>\n<p>\u2013 N\u00f8jagtigt den dag var det 50 \u00e5r siden, vi blev konfirmeret, \u2013 og senere til sommerferien forlod Vrensted Skole efter 7. klasse, fort\u00e6ller Lisbeth Christensen, som sammen med B\u00f8rge Hyldgaard og Per Ulrich havde taget initiativ til at samle klassen.<\/p>\n<p>Klassefesten var planlagt til at foreg\u00e5 p\u00e5 skolen, men eftersom den er under ombygning til Byens Hus, gik man til plan B. Den startede med eftermiddagskaffe hos Lisbeth Christensen p\u00e5 Kongsengene, og til aften spisning med \u00e6gtef\u00e6ller hos B\u00f8rge Hyldg\u00e5rd i L\u00f8kken.<\/p>\n<p>\u2013 Vi fik samlet 11 ud af 14 klassekammerater, tre var desv\u00e6rre forhindret i at deltage (Ellen Vestergaard, Tage Larsen og Niels Pilg\u00e5rd) . Oprindelig var vi 15 i klassen, men Grethe (Jensen) er her desv\u00e6rre ikke mere, fort\u00e6ller Lisbeth Christensen.<\/p>\n<p>\u2013 Men dejligt at s\u00e5 mange ville v\u00e6re med, det var en rigtig hyggelig dag, og snakken gik lige fra starten. Mange af os havde ikke set hinanden i de snart 50 \u00e5r, s\u00e5 det var en stor oplevelse at m\u00f8des igen, og der var stor gensynsgl\u00e6de, tilf\u00f8jer hun.<\/p>\n<p>Det er aftalt at m\u00f8des igen n\u00e6ste sommer, for bl.a. at se skolen.<\/p>\n","protected":false},"excerpt":{"rendered":"<p>&nbsp; &nbsp; Bagerst fra venstre B\u00f8rge Hyldg\u00e5rd, Frank S\u00f8rensen, Svend Nielsen, Per Ulrick, og Ole B\u00e6kg\u00e5rd. Forrest fra venstre Tove Westergaard, Eva Pallesen, Karen Margrethe N\u00f8rg\u00e5rd (Jensen), Lisbeth Christensen (Hansen), Signe Pilg\u00e5rd, og Else Stave ( Pedersen). Foto: Privatfoto &nbsp; 30.04.2018 L\u00f8kken Folkeblad Klassekammerater fra \u00e5rgang 1961-68 p\u00e5 Vrensted Skole var samlet til \u201cguldkonfirmation\u201d \u2013 &hellip; <a href=\"https:\/\/vrensted-historier.dk\/?p=2948\" class=\"more-link\">L\u00e6s videre<span class=\"screen-reader-text\"> &#8220;De m\u00f8dtes 50 \u00e5r efter de blev konfirmeret&#8221;<\/span><\/a><\/p>\n","protected":false},"author":1,"featured_media":0,"comment_status":"closed","ping_status":"closed","sticky":false,"template":"","format":"standard","meta":{"footnotes":""},"categories":[6],"tags":[],"class_list":["post-2948","post","type-post","status-publish","format-standard","hentry","category-vrensted-historier"],"_links":{"self":[{"href":"https:\/\/vrensted-historier.dk\/index.php?rest_route=\/wp\/v2\/posts\/2948","targetHints":{"allow":["GET"]}}],"collection":[{"href":"https:\/\/vrensted-historier.dk\/index.php?rest_route=\/wp\/v2\/posts"}],"about":[{"href":"https:\/\/vrensted-historier.dk\/index.php?rest_route=\/wp\/v2\/types\/post"}],"author":[{"embeddable":true,"href":"https:\/\/vrensted-historier.dk\/index.php?rest_route=\/wp\/v2\/users\/1"}],"replies":[{"embeddable":true,"href":"https:\/\/vrensted-historier.dk\/index.php?rest_route=%2Fwp%2Fv2%2Fcomments&post=2948"}],"version-history":[{"count":4,"href":"https:\/\/vrensted-historier.dk\/index.php?rest_route=\/wp\/v2\/posts\/2948\/revisions"}],"predecessor-version":[{"id":9988,"href":"https:\/\/vrensted-historier.dk\/index.php?rest_route=\/wp\/v2\/posts\/2948\/revisions\/9988"}],"wp:attachment":[{"href":"https:\/\/vrensted-historier.dk\/index.php?rest_route=%2Fwp%2Fv2%2Fmedia&parent=2948"}],"wp:term":[{"taxonomy":"category","embeddable":true,"href":"https:\/\/vrensted-historier.dk\/index.php?rest_route=%2Fwp%2Fv2%2Fcategories&post=2948"},{"taxonomy":"post_tag","embeddable":true,"href":"https:\/\/vrensted-historier.dk\/index.php?rest_route=%2Fwp%2Fv2%2Ftags&post=2948"}],"curies":[{"name":"wp","href":"https:\/\/api.w.org\/{rel}","templated":true}]}}