{"id":2908,"date":"2018-09-01T23:05:39","date_gmt":"2018-09-01T23:05:39","guid":{"rendered":"https:\/\/vrensted-historier.dk\/?p=2908"},"modified":"2020-12-27T17:44:29","modified_gmt":"2020-12-27T16:44:29","slug":"kransenedlaegning-paa-veterangrave-i-1964","status":"publish","type":"post","link":"https:\/\/vrensted-historier.dk\/?p=2908","title":{"rendered":"Kransenedl\u00e6gning p\u00e5 Veterangrave i 1964"},"content":{"rendered":"<p>&nbsp;<\/p>\n<p><img loading=\"lazy\" decoding=\"async\" class=\"alignnone size-full wp-image-9989\" src=\"https:\/\/vrensted-historier.dk\/wp-content\/uploads\/2018\/09\/93A029A4-D2E6-4B41-9970-511D6D475495.jpeg\" alt=\"\" width=\"536\" height=\"384\" srcset=\"https:\/\/vrensted-historier.dk\/wp-content\/uploads\/2018\/09\/93A029A4-D2E6-4B41-9970-511D6D475495.jpeg 536w, https:\/\/vrensted-historier.dk\/wp-content\/uploads\/2018\/09\/93A029A4-D2E6-4B41-9970-511D6D475495-300x215.jpeg 300w\" sizes=\"auto, (max-width: 536px) 85vw, 536px\" \/><\/p>\n<figure id=\"attachment_2925\" aria-describedby=\"caption-attachment-2925\" style=\"width: 300px\" class=\"wp-caption alignright\"><img loading=\"lazy\" decoding=\"async\" class=\"size-medium wp-image-2925\" src=\"https:\/\/vrensted-historier.dk\/wp-content\/uploads\/2018\/09\/IMG_0899-300x200.jpg\" alt=\"\" width=\"300\" height=\"200\" srcset=\"https:\/\/vrensted-historier.dk\/wp-content\/uploads\/2018\/09\/IMG_0899-300x200.jpg 300w, https:\/\/vrensted-historier.dk\/wp-content\/uploads\/2018\/09\/IMG_0899.jpg 540w\" sizes=\"auto, (max-width: 300px) 85vw, 300px\" \/><figcaption id=\"caption-attachment-2925\" class=\"wp-caption-text\">Vrensted kirke<\/figcaption><\/figure>\n<p><strong>Kransenedl\u00e6gning i 1964 paa veterangrave fra krigen i 1864 p\u00e5 \u00a0Vrensted Kirkeg\u00e5rd<\/strong><\/p>\n<p><strong>I gaar paa Danmarks befrielsesdag fandt der en kort og smuk h\u00f8jtidelighed sted paa Vrensted kirkegaard.<\/strong><\/p>\n<p><strong>S\u00f8nderjysk forening for Vrensted sogn med formanden k\u00e6mmer Hedegaard Laursen<\/strong><br \/>\n<strong>i spidsen samledes ved kirken med adskillige sl\u00e6gtninge og paar\u00f8rende til de<\/strong><br \/>\n<strong>fire veteraner, som ligger begravet her.<\/strong><\/p>\n<p><strong>Pastor Mikkelsen udtalte nogle mindeord for de fire gamle soldaterher fra sognet,<\/strong><\/p>\n<p><strong>der for 100 aar siden var med til at k\u00e6mpe for Danmarks sag. Derefter nedlagde<\/strong><\/p>\n<p><strong>k\u00e6mmer Hedegaard Laursen blomster paa de fire grave, som saa videt det vides<\/strong><\/p>\n<p><strong>er de eneste, der findes endnu.<\/strong><\/p>\n<p><strong>Veteraner, der mindes er<\/strong><\/p>\n<p><strong>landmand Jens Chr. S\u00f8rensen, kaldet Jens Eskel,\u00a0<\/strong><strong>der d\u00f8de 83 aar gammel i 1918. <\/strong><\/p>\n<p><strong>Paa stiftelsen Ane Maries hus bor der en nu datter,<\/strong><strong>fru Helga Christensen, og flere af hendes s\u00f8skende bor her paa egnen.<\/strong><\/p>\n<p><strong>Endvidere landmand Svend Holm, der d\u00f8de i 1923,80 aar gammel. <\/strong><\/p>\n<p><strong>I sognet bor to\u00a0<\/strong><strong>b\u00f8rneb\u00f8rn, fru Hilda Helledie og gdr. Holm Jensen.<\/strong><\/p>\n<p><strong>Dern\u00e6st landmand Lars Peter Vestergaaard, der d\u00f8de i 1929 og blev 91 aar gammel.<\/strong><\/p>\n<p><strong>Et barnebarn, fru Hans Peter Jensen, bor p\u00e5 Baadsted hede.<\/strong><\/p>\n<p><strong>Og endelig t\u00e6kkemand og husmand Chr. J\u00f8rgen Christensen, der var 93 aar, da\u00a0<\/strong><strong>han d\u00f8de i 1933.<\/strong><\/p>\n<p><strong> En datter af ham, Mine Christensen, bor paa Vrensted\u00a0<\/strong><strong>alderdomshjem.<\/strong><\/p>\n<p><strong>Alle fire veteraner havde bop\u00e6l paa Baadstedhede.<\/strong><br \/>\n<strong>Efter at blomsterne var lagt paa gravene, samledes deltagerne i kirken, hvor man sluttede med at synge<\/strong><br \/>\n<strong>&#8220;Altidfrejdig, naar du gaar&#8221;<\/strong><\/p>\n","protected":false},"excerpt":{"rendered":"<p>&nbsp; Kransenedl\u00e6gning i 1964 paa veterangrave fra krigen i 1864 p\u00e5 \u00a0Vrensted Kirkeg\u00e5rd I gaar paa Danmarks befrielsesdag fandt der en kort og smuk h\u00f8jtidelighed sted paa Vrensted kirkegaard. S\u00f8nderjysk forening for Vrensted sogn med formanden k\u00e6mmer Hedegaard Laursen i spidsen samledes ved kirken med adskillige sl\u00e6gtninge og paar\u00f8rende til de fire veteraner, som ligger &hellip; <a href=\"https:\/\/vrensted-historier.dk\/?p=2908\" class=\"more-link\">L\u00e6s videre<span class=\"screen-reader-text\"> &#8220;Kransenedl\u00e6gning p\u00e5 Veterangrave i 1964&#8221;<\/span><\/a><\/p>\n","protected":false},"author":1,"featured_media":0,"comment_status":"closed","ping_status":"closed","sticky":false,"template":"","format":"standard","meta":{"footnotes":""},"categories":[6],"tags":[],"class_list":["post-2908","post","type-post","status-publish","format-standard","hentry","category-vrensted-historier"],"_links":{"self":[{"href":"https:\/\/vrensted-historier.dk\/index.php?rest_route=\/wp\/v2\/posts\/2908","targetHints":{"allow":["GET"]}}],"collection":[{"href":"https:\/\/vrensted-historier.dk\/index.php?rest_route=\/wp\/v2\/posts"}],"about":[{"href":"https:\/\/vrensted-historier.dk\/index.php?rest_route=\/wp\/v2\/types\/post"}],"author":[{"embeddable":true,"href":"https:\/\/vrensted-historier.dk\/index.php?rest_route=\/wp\/v2\/users\/1"}],"replies":[{"embeddable":true,"href":"https:\/\/vrensted-historier.dk\/index.php?rest_route=%2Fwp%2Fv2%2Fcomments&post=2908"}],"version-history":[{"count":6,"href":"https:\/\/vrensted-historier.dk\/index.php?rest_route=\/wp\/v2\/posts\/2908\/revisions"}],"predecessor-version":[{"id":33575,"href":"https:\/\/vrensted-historier.dk\/index.php?rest_route=\/wp\/v2\/posts\/2908\/revisions\/33575"}],"wp:attachment":[{"href":"https:\/\/vrensted-historier.dk\/index.php?rest_route=%2Fwp%2Fv2%2Fmedia&parent=2908"}],"wp:term":[{"taxonomy":"category","embeddable":true,"href":"https:\/\/vrensted-historier.dk\/index.php?rest_route=%2Fwp%2Fv2%2Fcategories&post=2908"},{"taxonomy":"post_tag","embeddable":true,"href":"https:\/\/vrensted-historier.dk\/index.php?rest_route=%2Fwp%2Fv2%2Ftags&post=2908"}],"curies":[{"name":"wp","href":"https:\/\/api.w.org\/{rel}","templated":true}]}}