{"id":2248,"date":"2018-08-31T18:32:15","date_gmt":"2018-08-31T18:32:15","guid":{"rendered":"https:\/\/vrensted-historier.dk\/?p=2248"},"modified":"2022-11-11T14:26:52","modified_gmt":"2022-11-11T13:26:52","slug":"jordefaerd-i-1929-veteran-dannebrogsmand-lars-peter-vestergaard","status":"publish","type":"post","link":"https:\/\/vrensted-historier.dk\/?p=2248","title":{"rendered":"Jordef\u00e6rd i 1929 &#8211;  Veteran, Dannebrogsmand Lars Peter Vestergaard"},"content":{"rendered":"<figure id=\"attachment_2223\" aria-describedby=\"caption-attachment-2223\" style=\"width: 300px\" class=\"wp-caption alignleft\"><img loading=\"lazy\" decoding=\"async\" class=\"wp-image-2223 size-medium\" src=\"https:\/\/vrensted-historier.dk\/wp-content\/uploads\/2018\/08\/IMG_0594-1-300x215.jpg\" alt=\"\" width=\"300\" height=\"215\" srcset=\"https:\/\/vrensted-historier.dk\/wp-content\/uploads\/2018\/08\/IMG_0594-1-300x215.jpg 300w, https:\/\/vrensted-historier.dk\/wp-content\/uploads\/2018\/08\/IMG_0594-1.jpg 550w\" sizes=\"auto, (max-width: 300px) 85vw, 300px\" \/><figcaption id=\"caption-attachment-2223\" class=\"wp-caption-text\">Vrensted kirke<\/figcaption><\/figure>\n<p><img loading=\"lazy\" decoding=\"async\" class=\"size-medium wp-image-2249 alignright\" src=\"https:\/\/vrensted-historier.dk\/wp-content\/uploads\/2018\/08\/IMG_1069-300x238.jpg\" alt=\"\" width=\"300\" height=\"238\" srcset=\"https:\/\/vrensted-historier.dk\/wp-content\/uploads\/2018\/08\/IMG_1069-300x238.jpg 300w, https:\/\/vrensted-historier.dk\/wp-content\/uploads\/2018\/08\/IMG_1069-768x611.jpg 768w, https:\/\/vrensted-historier.dk\/wp-content\/uploads\/2018\/08\/IMG_1069-1024x814.jpg 1024w, https:\/\/vrensted-historier.dk\/wp-content\/uploads\/2018\/08\/IMG_1069.jpg 1195w\" sizes=\"auto, (max-width: 300px) 85vw, 300px\" \/><\/p>\n<p>&nbsp;<\/p>\n<p>&nbsp;<\/p>\n<p>&nbsp;<\/p>\n<p>&nbsp;<\/p>\n<p>&nbsp;<\/p>\n<p>&nbsp;<\/p>\n<p>&nbsp;<\/p>\n<p>&nbsp;<\/p>\n<p>&nbsp;<\/p>\n<p>&nbsp;<\/p>\n<figure id=\"attachment_2928\" aria-describedby=\"caption-attachment-2928\" style=\"width: 199px\" class=\"wp-caption alignnone\"><img loading=\"lazy\" decoding=\"async\" class=\"wp-image-2928 size-medium\" src=\"https:\/\/vrensted-historier.dk\/wp-content\/uploads\/2018\/08\/IMG_1264-199x300.jpg\" alt=\"\" width=\"199\" height=\"300\" srcset=\"https:\/\/vrensted-historier.dk\/wp-content\/uploads\/2018\/08\/IMG_1264-199x300.jpg 199w, https:\/\/vrensted-historier.dk\/wp-content\/uploads\/2018\/08\/IMG_1264-768x1157.jpg 768w, https:\/\/vrensted-historier.dk\/wp-content\/uploads\/2018\/08\/IMG_1264-680x1024.jpg 680w, https:\/\/vrensted-historier.dk\/wp-content\/uploads\/2018\/08\/IMG_1264.jpg 789w\" sizes=\"auto, (max-width: 199px) 85vw, 199px\" \/><figcaption id=\"caption-attachment-2928\" class=\"wp-caption-text\">Dannebrogsmand orden for krigen i 1864<\/figcaption><\/figure>\n<h6>Jordef\u00e6rd 1929\u2026<\/h6>\n<p>Mandag jordedes Veteran og Dannebrogsmand Lars Peter Vesterg\u00e5rd og det viste sig, at han ikke var glemt om ogsaa hans \u00a0j\u00e6vnaldrende forl\u00e6ngst er sted til Hvile.<br \/>\nPastor Plesner talte k\u00f8nt over Afd\u00f8de som en af dem, der havde maattet vove Livet for F\u00e6drelandet, samt en af de sejge fyske Sl\u00e6gter, en Sl\u00e6gt her i Sognet, som kan f\u00f8lges langt tilbage i Tiden i Gaarden Vestergaard.<br \/>\nLars Peter havde for l\u00e6ngst ligesom trukket sig tilbage fra Tidens R\u00f8relser, idet han i flere Aar har ligget til Sengs og m\u00e5ske har f\u00f8lt sig glemt, men da han i Fjor fik overrakt Dannebrogskorset, var det, som om Livet friskede op, og en Del Erindringer traadte frem, ikke mindst dem fra Krigsaarene.<\/p>\n<p>Nu var Lars Peter Vestergaard tr\u00e6t af dage, men hans \u00d8jne lyste, naar vi sammen sang for ham:<br \/>\n\u201cJeg vil, o Jesus mild, hvor du mig helst vil have\u201d.<\/p>\n<p>Efter Jordpaakastelsen bragte L\u00e6rer Jensen paa Familiens Vegne F\u00f8lget en hjertelig Tak.<\/p>\n<figure id=\"attachment_2222\" aria-describedby=\"caption-attachment-2222\" style=\"width: 217px\" class=\"wp-caption alignnone\"><img loading=\"lazy\" decoding=\"async\" class=\"wp-image-2222 size-medium\" src=\"https:\/\/vrensted-historier.dk\/wp-content\/uploads\/2018\/08\/IMG_1067-217x300.jpg\" alt=\"\" width=\"217\" height=\"300\" srcset=\"https:\/\/vrensted-historier.dk\/wp-content\/uploads\/2018\/08\/IMG_1067-217x300.jpg 217w, https:\/\/vrensted-historier.dk\/wp-content\/uploads\/2018\/08\/IMG_1067.jpg 369w\" sizes=\"auto, (max-width: 217px) 85vw, 217px\" \/><figcaption id=\"caption-attachment-2222\" class=\"wp-caption-text\">Lars Peter Vestergaard<\/figcaption><\/figure>\n<p>Lidt flere oplysninger om:<\/p>\n<h6>Sognets \u00e6ldste 1927&#8230;<\/h6>\n<figure id=\"attachment_2258\" aria-describedby=\"caption-attachment-2258\" style=\"width: 216px\" class=\"wp-caption alignnone\"><img loading=\"lazy\" decoding=\"async\" class=\"wp-image-2258 size-full\" src=\"https:\/\/vrensted-historier.dk\/wp-content\/uploads\/2018\/08\/IMG_1070.jpg\" alt=\"\" width=\"216\" height=\"286\" \/><figcaption id=\"caption-attachment-2258\" class=\"wp-caption-text\">Lars Peter Vestergaard \u00a0 \u00a0 \u00a0 \u00a0 \u00a0 \u00a0 \u00a0 f.1838, d.1929<\/figcaption><\/figure>\n<p>Lars Peter Vestergaard fylder L\u00f8rdag, den 1. oktober 90 Aar.<br \/>\nDet gamle F\u00f8dselsdagsbarn, der er Veteran fra 64, er sengeliggende, men for\u00f8vrigt kvik og aandsfrisk.<br \/>\nGamle Lars Peter er f\u00f8dt paa Gaarden Vestergaard i Vrensted, hvor Sl\u00e6gten havde Hjemsted i ca. 200 Aar. Gaarden ejes nu af Sognefoged Lars S. Larsen.<br \/>\nI sine unge dage var Lars Peter Bestyrer af F\u00e6drenegaarden, men i ca. 50 Aar har han boet paa Baastedhede.<br \/>\nSom en M\u00e6rkv\u00e6rdighed kan n\u00e6vnes, at af 7 Br\u00f8dre var 6 med i Krigen 1864. Gamle Lars Peter, der er den sidste levende af disse Br\u00f8dre kan naturligvis ikke f\u00f8lge med i Nutidens Begivenheder, men om Krigsbegivenhederne i 64 fort\u00e6ller han med Liv og Lyst. Han var med i Slaget ved Vejle og fort\u00e6ller derom:&#8221; Jeg var indkvarteret hos en K\u00f8bmand og skulle lige til at spise til Middag, da en Ordonans kom farende gennem Gaden og bl\u00e6ste til Udrykning, den dejlige suppe maatte vi lade i Stikken, og et \u00d8jeblik efter var vi samlede paa Stillingspladsen. Det blev en varm&#8230;. &#8221;<br \/>\nsidste del af artiklen mangler desv\u00e6rre&#8230;<\/p>\n<p>Klik p\u00e5 Link:<\/p>\n<blockquote class=\"wp-embedded-content\" data-secret=\"0NJ0Kfp1l8\"><p><a href=\"https:\/\/vrensted-historier.dk\/historien-om-lars-peter-vestergaard-nielsen-vestergaard-og-soennen-niels-lassen-nielsen-baadstedhede-samt-om-marie-og-peter-jensen-baadstedhede\/jensotto\/\">Historien om Lars Peter Vestergaard Nielsen, \u201dVestergaard\u201d og s\u00f8nnen Niels Lassen Nielsen, B\u00e5dstedhede samt om Marie og Peter Jensen, B\u00e5dstedhede<\/a><\/p><\/blockquote>\n<p><iframe loading=\"lazy\" class=\"wp-embedded-content\" sandbox=\"allow-scripts\" security=\"restricted\" style=\"position: absolute; clip: rect(1px, 1px, 1px, 1px);\" title=\"&#8220;Historien om Lars Peter Vestergaard Nielsen, \u201dVestergaard\u201d og s\u00f8nnen Niels Lassen Nielsen, B\u00e5dstedhede samt om Marie og Peter Jensen, B\u00e5dstedhede&#8221; &#8212; \" src=\"https:\/\/vrensted-historier.dk\/historien-om-lars-peter-vestergaard-nielsen-vestergaard-og-soennen-niels-lassen-nielsen-baadstedhede-samt-om-marie-og-peter-jensen-baadstedhede\/jensotto\/embed\/#?secret=VZY0EYPlsD#?secret=0NJ0Kfp1l8\" data-secret=\"0NJ0Kfp1l8\" width=\"600\" height=\"338\" frameborder=\"0\" marginwidth=\"0\" marginheight=\"0\" scrolling=\"no\"><\/iframe><\/p>\n","protected":false},"excerpt":{"rendered":"<p>&nbsp; &nbsp; &nbsp; &nbsp; &nbsp; &nbsp; &nbsp; &nbsp; &nbsp; &nbsp; Jordef\u00e6rd 1929\u2026 Mandag jordedes Veteran og Dannebrogsmand Lars Peter Vesterg\u00e5rd og det viste sig, at han ikke var glemt om ogsaa hans \u00a0j\u00e6vnaldrende forl\u00e6ngst er sted til Hvile. Pastor Plesner talte k\u00f8nt over Afd\u00f8de som en af dem, der havde maattet vove Livet for F\u00e6drelandet, &hellip; <a href=\"https:\/\/vrensted-historier.dk\/?p=2248\" class=\"more-link\">L\u00e6s videre<span class=\"screen-reader-text\"> &#8220;Jordef\u00e6rd i 1929 &#8211;  Veteran, Dannebrogsmand Lars Peter Vestergaard&#8221;<\/span><\/a><\/p>\n","protected":false},"author":1,"featured_media":0,"comment_status":"closed","ping_status":"closed","sticky":false,"template":"","format":"standard","meta":{"footnotes":""},"categories":[6],"tags":[],"class_list":["post-2248","post","type-post","status-publish","format-standard","hentry","category-vrensted-historier"],"_links":{"self":[{"href":"https:\/\/vrensted-historier.dk\/index.php?rest_route=\/wp\/v2\/posts\/2248","targetHints":{"allow":["GET"]}}],"collection":[{"href":"https:\/\/vrensted-historier.dk\/index.php?rest_route=\/wp\/v2\/posts"}],"about":[{"href":"https:\/\/vrensted-historier.dk\/index.php?rest_route=\/wp\/v2\/types\/post"}],"author":[{"embeddable":true,"href":"https:\/\/vrensted-historier.dk\/index.php?rest_route=\/wp\/v2\/users\/1"}],"replies":[{"embeddable":true,"href":"https:\/\/vrensted-historier.dk\/index.php?rest_route=%2Fwp%2Fv2%2Fcomments&post=2248"}],"version-history":[{"count":14,"href":"https:\/\/vrensted-historier.dk\/index.php?rest_route=\/wp\/v2\/posts\/2248\/revisions"}],"predecessor-version":[{"id":42299,"href":"https:\/\/vrensted-historier.dk\/index.php?rest_route=\/wp\/v2\/posts\/2248\/revisions\/42299"}],"wp:attachment":[{"href":"https:\/\/vrensted-historier.dk\/index.php?rest_route=%2Fwp%2Fv2%2Fmedia&parent=2248"}],"wp:term":[{"taxonomy":"category","embeddable":true,"href":"https:\/\/vrensted-historier.dk\/index.php?rest_route=%2Fwp%2Fv2%2Fcategories&post=2248"},{"taxonomy":"post_tag","embeddable":true,"href":"https:\/\/vrensted-historier.dk\/index.php?rest_route=%2Fwp%2Fv2%2Ftags&post=2248"}],"curies":[{"name":"wp","href":"https:\/\/api.w.org\/{rel}","templated":true}]}}