{"id":1037,"date":"2018-08-09T14:45:40","date_gmt":"2018-08-09T14:45:40","guid":{"rendered":"http:\/\/vrensted-historier.dk\/?p=1037"},"modified":"2022-07-31T19:17:41","modified_gmt":"2022-07-31T17:17:41","slug":"sundstedgaard-broenderslevvej-96","status":"publish","type":"post","link":"https:\/\/vrensted-historier.dk\/?p=1037","title":{"rendered":"\u201cSundstedgaard\u201d Br\u00f8nderslevvej 96"},"content":{"rendered":"<figure id=\"attachment_35573\" aria-describedby=\"caption-attachment-35573\" style=\"width: 600px\" class=\"wp-caption alignnone\"><img loading=\"lazy\" decoding=\"async\" class=\"wp-image-35573 size-medium\" src=\"https:\/\/vrensted-historier.dk\/wp-content\/uploads\/2018\/08\/86AE85EF-07D5-4E6D-BA0E-DFD192D2BDFC-600x385.jpeg\" alt=\"\" width=\"600\" height=\"385\" srcset=\"https:\/\/vrensted-historier.dk\/wp-content\/uploads\/2018\/08\/86AE85EF-07D5-4E6D-BA0E-DFD192D2BDFC-600x385.jpeg 600w, https:\/\/vrensted-historier.dk\/wp-content\/uploads\/2018\/08\/86AE85EF-07D5-4E6D-BA0E-DFD192D2BDFC-1500x962.jpeg 1500w, https:\/\/vrensted-historier.dk\/wp-content\/uploads\/2018\/08\/86AE85EF-07D5-4E6D-BA0E-DFD192D2BDFC-300x192.jpeg 300w, https:\/\/vrensted-historier.dk\/wp-content\/uploads\/2018\/08\/86AE85EF-07D5-4E6D-BA0E-DFD192D2BDFC-768x493.jpeg 768w, https:\/\/vrensted-historier.dk\/wp-content\/uploads\/2018\/08\/86AE85EF-07D5-4E6D-BA0E-DFD192D2BDFC-1536x985.jpeg 1536w, https:\/\/vrensted-historier.dk\/wp-content\/uploads\/2018\/08\/86AE85EF-07D5-4E6D-BA0E-DFD192D2BDFC-2048x1314.jpeg 2048w, https:\/\/vrensted-historier.dk\/wp-content\/uploads\/2018\/08\/86AE85EF-07D5-4E6D-BA0E-DFD192D2BDFC-1200x770.jpeg 1200w\" sizes=\"auto, (max-width: 709px) 85vw, (max-width: 909px) 67vw, (max-width: 984px) 61vw, (max-width: 1362px) 45vw, 600px\" \/><figcaption id=\"caption-attachment-35573\" class=\"wp-caption-text\">Her de 2 Sundstedg\u00e5rde foto fra 1960. Ejendom tv. er nu fjernet og ejend. th. er udhusene fjernet. Beboelsen st\u00e5r nu alene tilnage. Jord frastykket de 2 ejendomme. I baggrunden ses Vrensted by med Kirken<\/figcaption><\/figure>\n<p>&nbsp;<\/p>\n<figure id=\"attachment_35570\" aria-describedby=\"caption-attachment-35570\" style=\"width: 600px\" class=\"wp-caption alignnone\"><img loading=\"lazy\" decoding=\"async\" class=\"wp-image-35570 size-medium\" src=\"https:\/\/vrensted-historier.dk\/wp-content\/uploads\/2018\/08\/92E882E1-556C-4A9D-96C6-E5736B1D9C19-600x591.jpeg\" alt=\"\" width=\"600\" height=\"591\" srcset=\"https:\/\/vrensted-historier.dk\/wp-content\/uploads\/2018\/08\/92E882E1-556C-4A9D-96C6-E5736B1D9C19-600x591.jpeg 600w, https:\/\/vrensted-historier.dk\/wp-content\/uploads\/2018\/08\/92E882E1-556C-4A9D-96C6-E5736B1D9C19-1500x1478.jpeg 1500w, https:\/\/vrensted-historier.dk\/wp-content\/uploads\/2018\/08\/92E882E1-556C-4A9D-96C6-E5736B1D9C19-300x296.jpeg 300w, https:\/\/vrensted-historier.dk\/wp-content\/uploads\/2018\/08\/92E882E1-556C-4A9D-96C6-E5736B1D9C19-768x757.jpeg 768w, https:\/\/vrensted-historier.dk\/wp-content\/uploads\/2018\/08\/92E882E1-556C-4A9D-96C6-E5736B1D9C19-1536x1514.jpeg 1536w, https:\/\/vrensted-historier.dk\/wp-content\/uploads\/2018\/08\/92E882E1-556C-4A9D-96C6-E5736B1D9C19-2048x2018.jpeg 2048w, https:\/\/vrensted-historier.dk\/wp-content\/uploads\/2018\/08\/92E882E1-556C-4A9D-96C6-E5736B1D9C19-1200x1183.jpeg 1200w\" sizes=\"auto, (max-width: 709px) 85vw, (max-width: 909px) 67vw, (max-width: 984px) 61vw, (max-width: 1362px) 45vw, 600px\" \/><figcaption id=\"caption-attachment-35570\" class=\"wp-caption-text\">Her ses de 2 Sundstedg\u00e5rde fra en anden vinkel. Foto fra 1960<\/figcaption><\/figure>\n<p>&nbsp;<\/p>\n<figure id=\"attachment_2831\" aria-describedby=\"caption-attachment-2831\" style=\"width: 300px\" class=\"wp-caption alignnone\"><img loading=\"lazy\" decoding=\"async\" class=\"size-medium wp-image-2831\" src=\"https:\/\/vrensted-historier.dk\/wp-content\/uploads\/2018\/08\/IMG_0754-1-300x202.jpg\" alt=\"\" width=\"300\" height=\"202\" srcset=\"https:\/\/vrensted-historier.dk\/wp-content\/uploads\/2018\/08\/IMG_0754-1-300x202.jpg 300w, https:\/\/vrensted-historier.dk\/wp-content\/uploads\/2018\/08\/IMG_0754-1.jpg 700w\" sizes=\"auto, (max-width: 300px) 85vw, 300px\" \/><figcaption id=\"caption-attachment-2831\" class=\"wp-caption-text\">foto 1955<\/figcaption><\/figure>\n<h1 class=\"entry-title\"><img loading=\"lazy\" decoding=\"async\" class=\"size-medium wp-image-2832 alignright\" src=\"https:\/\/vrensted-historier.dk\/wp-content\/uploads\/2018\/08\/IMG_0755-1-300x97.jpg\" alt=\"\" width=\"300\" height=\"97\" srcset=\"https:\/\/vrensted-historier.dk\/wp-content\/uploads\/2018\/08\/IMG_0755-1-300x97.jpg 300w, https:\/\/vrensted-historier.dk\/wp-content\/uploads\/2018\/08\/IMG_0755-1.jpg 700w\" sizes=\"auto, (max-width: 300px) 85vw, 300px\" \/><\/h1>\n<div class=\"content column-1\">\n<p>&nbsp;<\/p>\n<p>&nbsp;<\/p>\n<p>&nbsp;<\/p>\n<p><img loading=\"lazy\" decoding=\"async\" class=\"alignnone size-medium wp-image-8405\" src=\"https:\/\/vrensted-historier.dk\/wp-content\/uploads\/2018\/08\/CA8AC0C5-EE8B-4E3F-9278-2B8E8FD7A3E8-300x202.jpeg\" alt=\"\" width=\"300\" height=\"202\" srcset=\"https:\/\/vrensted-historier.dk\/wp-content\/uploads\/2018\/08\/CA8AC0C5-EE8B-4E3F-9278-2B8E8FD7A3E8-300x202.jpeg 300w, https:\/\/vrensted-historier.dk\/wp-content\/uploads\/2018\/08\/CA8AC0C5-EE8B-4E3F-9278-2B8E8FD7A3E8-768x518.jpeg 768w, https:\/\/vrensted-historier.dk\/wp-content\/uploads\/2018\/08\/CA8AC0C5-EE8B-4E3F-9278-2B8E8FD7A3E8-1024x690.jpeg 1024w, https:\/\/vrensted-historier.dk\/wp-content\/uploads\/2018\/08\/CA8AC0C5-EE8B-4E3F-9278-2B8E8FD7A3E8-1568x1057.jpeg 1568w, https:\/\/vrensted-historier.dk\/wp-content\/uploads\/2018\/08\/CA8AC0C5-EE8B-4E3F-9278-2B8E8FD7A3E8.jpeg 1829w\" sizes=\"auto, (max-width: 300px) 85vw, 300px\" \/><\/p>\n<p>Matr. nr. 48-t Vrensted by<\/p>\n<p>opr. 400 til 500 tdr. land<\/p>\n<p>Areal 1955 var 34 tdr. land, jorden er nu frastykket<\/p>\n<p>Opf\u00f8rt 1900 o.s.<\/p>\n<p>ejer i 2018 er Betty Larsen og Egon M\u00f8lgaard J\u00f8rgensen<\/p>\n<p>1944 Valdemar Helledi<\/p>\n<p><img loading=\"lazy\" decoding=\"async\" class=\"alignnone size-medium wp-image-5542\" src=\"https:\/\/vrensted-historier.dk\/wp-content\/uploads\/2018\/08\/IMG_5074-300x166.jpg\" alt=\"\" width=\"300\" height=\"166\" srcset=\"https:\/\/vrensted-historier.dk\/wp-content\/uploads\/2018\/08\/IMG_5074-300x166.jpg 300w, https:\/\/vrensted-historier.dk\/wp-content\/uploads\/2018\/08\/IMG_5074-768x424.jpg 768w, https:\/\/vrensted-historier.dk\/wp-content\/uploads\/2018\/08\/IMG_5074-1024x566.jpg 1024w, https:\/\/vrensted-historier.dk\/wp-content\/uploads\/2018\/08\/IMG_5074-1200x663.jpg 1200w, https:\/\/vrensted-historier.dk\/wp-content\/uploads\/2018\/08\/IMG_5074.jpg 1540w\" sizes=\"auto, (max-width: 300px) 85vw, 300px\" \/><\/p>\n<p>1934 Svend Christensen<\/p>\n<p>1909 \u00a0Peder Severin \u00d8rum<\/p>\n<p><img loading=\"lazy\" decoding=\"async\" class=\"alignnone size-full wp-image-28216\" src=\"https:\/\/vrensted-historier.dk\/wp-content\/uploads\/2018\/08\/6B900056-A6E0-46FA-ABFD-D5D6F9DC260F-scaled.jpeg\" alt=\"\" width=\"2560\" height=\"2173\" srcset=\"https:\/\/vrensted-historier.dk\/wp-content\/uploads\/2018\/08\/6B900056-A6E0-46FA-ABFD-D5D6F9DC260F-scaled.jpeg 2560w, https:\/\/vrensted-historier.dk\/wp-content\/uploads\/2018\/08\/6B900056-A6E0-46FA-ABFD-D5D6F9DC260F-600x509.jpeg 600w, https:\/\/vrensted-historier.dk\/wp-content\/uploads\/2018\/08\/6B900056-A6E0-46FA-ABFD-D5D6F9DC260F-1500x1273.jpeg 1500w, https:\/\/vrensted-historier.dk\/wp-content\/uploads\/2018\/08\/6B900056-A6E0-46FA-ABFD-D5D6F9DC260F-300x255.jpeg 300w, https:\/\/vrensted-historier.dk\/wp-content\/uploads\/2018\/08\/6B900056-A6E0-46FA-ABFD-D5D6F9DC260F-768x652.jpeg 768w, https:\/\/vrensted-historier.dk\/wp-content\/uploads\/2018\/08\/6B900056-A6E0-46FA-ABFD-D5D6F9DC260F-1536x1304.jpeg 1536w, https:\/\/vrensted-historier.dk\/wp-content\/uploads\/2018\/08\/6B900056-A6E0-46FA-ABFD-D5D6F9DC260F-2048x1739.jpeg 2048w, https:\/\/vrensted-historier.dk\/wp-content\/uploads\/2018\/08\/6B900056-A6E0-46FA-ABFD-D5D6F9DC260F-1200x1019.jpeg 1200w\" sizes=\"auto, (max-width: 709px) 85vw, (max-width: 909px) 67vw, (max-width: 1362px) 62vw, 840px\" \/> <img loading=\"lazy\" decoding=\"async\" class=\"alignnone size-full wp-image-28217\" src=\"https:\/\/vrensted-historier.dk\/wp-content\/uploads\/2018\/08\/9708A6F4-BECC-4FBE-9635-AAE6293EAA8D-scaled.jpeg\" alt=\"\" width=\"2560\" height=\"627\" srcset=\"https:\/\/vrensted-historier.dk\/wp-content\/uploads\/2018\/08\/9708A6F4-BECC-4FBE-9635-AAE6293EAA8D-scaled.jpeg 2560w, https:\/\/vrensted-historier.dk\/wp-content\/uploads\/2018\/08\/9708A6F4-BECC-4FBE-9635-AAE6293EAA8D-600x147.jpeg 600w, https:\/\/vrensted-historier.dk\/wp-content\/uploads\/2018\/08\/9708A6F4-BECC-4FBE-9635-AAE6293EAA8D-1500x367.jpeg 1500w, https:\/\/vrensted-historier.dk\/wp-content\/uploads\/2018\/08\/9708A6F4-BECC-4FBE-9635-AAE6293EAA8D-300x73.jpeg 300w, https:\/\/vrensted-historier.dk\/wp-content\/uploads\/2018\/08\/9708A6F4-BECC-4FBE-9635-AAE6293EAA8D-768x188.jpeg 768w, https:\/\/vrensted-historier.dk\/wp-content\/uploads\/2018\/08\/9708A6F4-BECC-4FBE-9635-AAE6293EAA8D-1536x376.jpeg 1536w, https:\/\/vrensted-historier.dk\/wp-content\/uploads\/2018\/08\/9708A6F4-BECC-4FBE-9635-AAE6293EAA8D-2048x502.jpeg 2048w, https:\/\/vrensted-historier.dk\/wp-content\/uploads\/2018\/08\/9708A6F4-BECC-4FBE-9635-AAE6293EAA8D-1200x294.jpeg 1200w\" sizes=\"auto, (max-width: 709px) 85vw, (max-width: 909px) 67vw, (max-width: 1362px) 62vw, 840px\" \/><\/p>\n<p>&nbsp;<\/p>\n<p>kan f\u00f8res tilbage til \u00e5r 1610 og var opr. 2 g\u00e5rde som blev delt<\/p>\n<p>&nbsp;<\/p>\n<\/div>\n<p>&nbsp;<\/p>\n","protected":false},"excerpt":{"rendered":"<p>&nbsp; &nbsp; &nbsp; &nbsp; &nbsp; Matr. nr. 48-t Vrensted by opr. 400 til 500 tdr. land Areal 1955 var 34 tdr. land, jorden er nu frastykket Opf\u00f8rt 1900 o.s. ejer i 2018 er Betty Larsen og Egon M\u00f8lgaard J\u00f8rgensen 1944 Valdemar Helledi 1934 Svend Christensen 1909 \u00a0Peder Severin \u00d8rum &nbsp; kan f\u00f8res tilbage til \u00e5r &hellip; <a href=\"https:\/\/vrensted-historier.dk\/?p=1037\" class=\"more-link\">L\u00e6s videre<span class=\"screen-reader-text\"> &#8220;\u201cSundstedgaard\u201d Br\u00f8nderslevvej 96&#8221;<\/span><\/a><\/p>\n","protected":false},"author":1,"featured_media":0,"comment_status":"closed","ping_status":"open","sticky":false,"template":"","format":"standard","meta":{"footnotes":""},"categories":[2],"tags":[],"class_list":["post-1037","post","type-post","status-publish","format-standard","hentry","category-gaarde-og-husmandsbrug-2"],"_links":{"self":[{"href":"https:\/\/vrensted-historier.dk\/index.php?rest_route=\/wp\/v2\/posts\/1037","targetHints":{"allow":["GET"]}}],"collection":[{"href":"https:\/\/vrensted-historier.dk\/index.php?rest_route=\/wp\/v2\/posts"}],"about":[{"href":"https:\/\/vrensted-historier.dk\/index.php?rest_route=\/wp\/v2\/types\/post"}],"author":[{"embeddable":true,"href":"https:\/\/vrensted-historier.dk\/index.php?rest_route=\/wp\/v2\/users\/1"}],"replies":[{"embeddable":true,"href":"https:\/\/vrensted-historier.dk\/index.php?rest_route=%2Fwp%2Fv2%2Fcomments&post=1037"}],"version-history":[{"count":15,"href":"https:\/\/vrensted-historier.dk\/index.php?rest_route=\/wp\/v2\/posts\/1037\/revisions"}],"predecessor-version":[{"id":35577,"href":"https:\/\/vrensted-historier.dk\/index.php?rest_route=\/wp\/v2\/posts\/1037\/revisions\/35577"}],"wp:attachment":[{"href":"https:\/\/vrensted-historier.dk\/index.php?rest_route=%2Fwp%2Fv2%2Fmedia&parent=1037"}],"wp:term":[{"taxonomy":"category","embeddable":true,"href":"https:\/\/vrensted-historier.dk\/index.php?rest_route=%2Fwp%2Fv2%2Fcategories&post=1037"},{"taxonomy":"post_tag","embeddable":true,"href":"https:\/\/vrensted-historier.dk\/index.php?rest_route=%2Fwp%2Fv2%2Ftags&post=1037"}],"curies":[{"name":"wp","href":"https:\/\/api.w.org\/{rel}","templated":true}]}}