{"id":1035,"date":"2018-08-09T14:44:30","date_gmt":"2018-08-09T14:44:30","guid":{"rendered":"http:\/\/vrensted-historier.dk\/?p=1035"},"modified":"2020-03-04T23:48:26","modified_gmt":"2020-03-04T22:48:26","slug":"teglgaard-rykindvej-83","status":"publish","type":"post","link":"https:\/\/vrensted-historier.dk\/?p=1035","title":{"rendered":"\u201cTeglgaard\u201d Rykindvej 83"},"content":{"rendered":"<figure id=\"attachment_23080\" aria-describedby=\"caption-attachment-23080\" style=\"width: 768px\" class=\"wp-caption alignnone\"><a href=\"https:\/\/vrensted-historier.dk\/wp-content\/uploads\/2018\/08\/EF1DDED4-DF8F-4421-A042-7D46BE58E4D3.jpeg\"><img loading=\"lazy\" decoding=\"async\" class=\"size-full wp-image-23080\" src=\"https:\/\/vrensted-historier.dk\/wp-content\/uploads\/2018\/08\/EF1DDED4-DF8F-4421-A042-7D46BE58E4D3.jpeg\" alt=\"\" width=\"768\" height=\"521\" srcset=\"https:\/\/vrensted-historier.dk\/wp-content\/uploads\/2018\/08\/EF1DDED4-DF8F-4421-A042-7D46BE58E4D3.jpeg 768w, https:\/\/vrensted-historier.dk\/wp-content\/uploads\/2018\/08\/EF1DDED4-DF8F-4421-A042-7D46BE58E4D3-600x407.jpeg 600w, https:\/\/vrensted-historier.dk\/wp-content\/uploads\/2018\/08\/EF1DDED4-DF8F-4421-A042-7D46BE58E4D3-300x204.jpeg 300w\" sizes=\"auto, (max-width: 709px) 85vw, (max-width: 909px) 67vw, (max-width: 984px) 61vw, (max-width: 1362px) 45vw, 600px\" \/><\/a><figcaption id=\"caption-attachment-23080\" class=\"wp-caption-text\">foto 1946<\/figcaption><\/figure>\n<figure id=\"attachment_24279\" aria-describedby=\"caption-attachment-24279\" style=\"width: 600px\" class=\"wp-caption alignnone\"><img loading=\"lazy\" decoding=\"async\" class=\"wp-image-24279 size-medium\" src=\"https:\/\/vrensted-historier.dk\/wp-content\/uploads\/2020\/02\/64725E24-8923-4EFF-8C67-13B4C8AD025B-600x340.jpeg\" alt=\"\" width=\"600\" height=\"340\" srcset=\"https:\/\/vrensted-historier.dk\/wp-content\/uploads\/2020\/02\/64725E24-8923-4EFF-8C67-13B4C8AD025B-600x340.jpeg 600w, https:\/\/vrensted-historier.dk\/wp-content\/uploads\/2020\/02\/64725E24-8923-4EFF-8C67-13B4C8AD025B-1500x851.jpeg 1500w, https:\/\/vrensted-historier.dk\/wp-content\/uploads\/2020\/02\/64725E24-8923-4EFF-8C67-13B4C8AD025B-300x170.jpeg 300w, https:\/\/vrensted-historier.dk\/wp-content\/uploads\/2020\/02\/64725E24-8923-4EFF-8C67-13B4C8AD025B-768x436.jpeg 768w, https:\/\/vrensted-historier.dk\/wp-content\/uploads\/2020\/02\/64725E24-8923-4EFF-8C67-13B4C8AD025B-1536x871.jpeg 1536w, https:\/\/vrensted-historier.dk\/wp-content\/uploads\/2020\/02\/64725E24-8923-4EFF-8C67-13B4C8AD025B-2048x1162.jpeg 2048w, https:\/\/vrensted-historier.dk\/wp-content\/uploads\/2020\/02\/64725E24-8923-4EFF-8C67-13B4C8AD025B-1200x681.jpeg 1200w\" sizes=\"auto, (max-width: 709px) 85vw, (max-width: 909px) 67vw, (max-width: 984px) 61vw, (max-width: 1362px) 45vw, 600px\" \/><figcaption id=\"caption-attachment-24279\" class=\"wp-caption-text\">foto 2020<\/figcaption><\/figure>\n<h1 class=\"entry-title\"><span style=\"color: #333300;\"><img loading=\"lazy\" decoding=\"async\" class=\"alignnone size-medium wp-image-2836\" src=\"https:\/\/vrensted-historier.dk\/wp-content\/uploads\/2018\/08\/IMG_0757-257x300.jpg\" alt=\"\" width=\"257\" height=\"300\" srcset=\"https:\/\/vrensted-historier.dk\/wp-content\/uploads\/2018\/08\/IMG_0757-257x300.jpg 257w, https:\/\/vrensted-historier.dk\/wp-content\/uploads\/2018\/08\/IMG_0757.jpg 579w\" sizes=\"auto, (max-width: 257px) 85vw, 257px\" \/><\/span><\/h1>\n<div class=\"post-info\"><\/div>\n<div class=\"content column-1\">\n<p>Teglgaard, Rykindvej 83, Vrensted<\/p>\n<p>matr. nr. 15-a Vrensted by<\/p>\n<p>Areal 1,5 ha ( jord er frastykket)<\/p>\n<p>ejer<\/p>\n<p>2008 Henrik Andersen<\/p>\n<p>19?? B\u00f8rge Mortensen<\/p>\n<p>f\u00f8r<\/p>\n<p>1955 Harald Kj\u00e6rgaard<\/p>\n<\/div>\n","protected":false},"excerpt":{"rendered":"<p>Teglgaard, Rykindvej 83, Vrensted matr. nr. 15-a Vrensted by Areal 1,5 ha ( jord er frastykket) ejer 2008 Henrik Andersen 19?? B\u00f8rge Mortensen f\u00f8r 1955 Harald Kj\u00e6rgaard<\/p>\n","protected":false},"author":1,"featured_media":0,"comment_status":"closed","ping_status":"open","sticky":false,"template":"","format":"standard","meta":{"footnotes":""},"categories":[2],"tags":[],"class_list":["post-1035","post","type-post","status-publish","format-standard","hentry","category-gaarde-og-husmandsbrug-2"],"_links":{"self":[{"href":"https:\/\/vrensted-historier.dk\/index.php?rest_route=\/wp\/v2\/posts\/1035","targetHints":{"allow":["GET"]}}],"collection":[{"href":"https:\/\/vrensted-historier.dk\/index.php?rest_route=\/wp\/v2\/posts"}],"about":[{"href":"https:\/\/vrensted-historier.dk\/index.php?rest_route=\/wp\/v2\/types\/post"}],"author":[{"embeddable":true,"href":"https:\/\/vrensted-historier.dk\/index.php?rest_route=\/wp\/v2\/users\/1"}],"replies":[{"embeddable":true,"href":"https:\/\/vrensted-historier.dk\/index.php?rest_route=%2Fwp%2Fv2%2Fcomments&post=1035"}],"version-history":[{"count":10,"href":"https:\/\/vrensted-historier.dk\/index.php?rest_route=\/wp\/v2\/posts\/1035\/revisions"}],"predecessor-version":[{"id":25572,"href":"https:\/\/vrensted-historier.dk\/index.php?rest_route=\/wp\/v2\/posts\/1035\/revisions\/25572"}],"wp:attachment":[{"href":"https:\/\/vrensted-historier.dk\/index.php?rest_route=%2Fwp%2Fv2%2Fmedia&parent=1035"}],"wp:term":[{"taxonomy":"category","embeddable":true,"href":"https:\/\/vrensted-historier.dk\/index.php?rest_route=%2Fwp%2Fv2%2Fcategories&post=1035"},{"taxonomy":"post_tag","embeddable":true,"href":"https:\/\/vrensted-historier.dk\/index.php?rest_route=%2Fwp%2Fv2%2Ftags&post=1035"}],"curies":[{"name":"wp","href":"https:\/\/api.w.org\/{rel}","templated":true}]}}